{"id":597651,"date":"2025-12-14T00:12:16","date_gmt":"2025-12-14T00:12:16","guid":{"rendered":"https:\/\/www.europesays.com\/fr\/597651\/"},"modified":"2025-12-14T00:12:16","modified_gmt":"2025-12-14T00:12:16","slug":"sortie-grasse-vendredi-23-janvier-2026-le-murmure-des-songes","status":"publish","type":"post","link":"https:\/\/www.europesays.com\/fr\/597651\/","title":{"rendered":"Sortie Grasse | Vendredi 23 janvier 2026 : Le murmure des songes"},"content":{"rendered":"<p>Monument de la danse hip-hop en France, Kader Attou ouvre pour la premi\u00e8re fois son r\u00e9pertoire au monde de l\u2019enfance.<\/p>\n<p>Kader Attou nous plonge dans ses souvenirs d\u2019enfant, quand sa chambre, \u00e0 la tomb\u00e9e de la nuit, devenait le th\u00e9\u00e2tre de voyages enchanteurs o\u00f9 r\u00e9el et imaginaire se confondaient. Pens\u00e9 pour quatre danseurs de la compagnie Accrorap, le spectacle s\u2019appuie sur la sensibilit\u00e9 musicale de R\u00e9gis Baillet, qui officiait d\u00e9j\u00e0 \u00e0 la cr\u00e9ation musicale de The Roots, Danser Casa ou encore Les Autres. Il fait appel aux illustrations de Jessie D\u00e9sol\u00e9e et \u00e0 son imaginaire peupl\u00e9 de monstres, de plantes et d\u2019animaux fantastiques. Les interpr\u00e8tes, tout en gr\u00e2ce, souplesse et fluidit\u00e9, nous font voguer des profondeurs de l\u2019oc\u00e9an au cosmos \u00e9toil\u00e9, c\u00f4toyer les m\u00e9canismes horlogers d\u2019une machine \u00e0 r\u00eaves, traverser une for\u00eat de loups, nager dans les nuages. Ce Murmure des songes est une douce f\u00e9\u00e9rie po\u00e9tique et chor\u00e9graphique \u00e0 d\u00e9couvrir d\u2019urgence.<\/p>\n<p>&#13;<br \/>\n\t\t\t\t Post Views: 7&#13;\n\t\t\t<\/p>\n<p>Tarif : 28 \u20ac<\/p>\n<p><strong>\u00c0 20h00<\/strong><\/p>\n<p><strong>Th\u00e9\u00e2tre de grasse<\/strong><br \/>2 Avenue Maximin Isnard<br \/>06130 Grasse<br \/><a href=\"https:\/\/www.theatredegrasse.com\/\" target=\"_blank\" rel=\"noopener\">https:\/\/www.theatredegrasse.com\/<\/a><\/p>\n","protected":false},"excerpt":{"rendered":"Monument de la danse hip-hop en France, Kader Attou ouvre pour la premi\u00e8re fois son r\u00e9pertoire au monde&hellip;\n","protected":false},"author":2,"featured_media":597652,"comment_status":"","ping_status":"","sticky":false,"template":"","format":"standard","meta":{"footnotes":""},"categories":[2814],"tags":[1111,11,1777,674,1011,27,58497,884,12,882,25],"class_list":{"0":"post-597651","1":"post","2":"type-post","3":"status-publish","4":"format-standard","5":"has-post-thumbnail","7":"category-marseille","8":"tag-actu","9":"tag-actualites","10":"tag-eu","11":"tag-europe","12":"tag-fr","13":"tag-france","14":"tag-grasse","15":"tag-marseille","16":"tag-news","17":"tag-provence-alpes-cote-dazur","18":"tag-republique-francaise"},"share_on_mastodon":{"url":"https:\/\/pubeurope.com\/@fr\/115715030685225391","error":""},"_links":{"self":[{"href":"https:\/\/www.europesays.com\/fr\/wp-json\/wp\/v2\/posts\/597651","targetHints":{"allow":["GET"]}}],"collection":[{"href":"https:\/\/www.europesays.com\/fr\/wp-json\/wp\/v2\/posts"}],"about":[{"href":"https:\/\/www.europesays.com\/fr\/wp-json\/wp\/v2\/types\/post"}],"author":[{"embeddable":true,"href":"https:\/\/www.europesays.com\/fr\/wp-json\/wp\/v2\/users\/2"}],"replies":[{"embeddable":true,"href":"https:\/\/www.europesays.com\/fr\/wp-json\/wp\/v2\/comments?post=597651"}],"version-history":[{"count":0,"href":"https:\/\/www.europesays.com\/fr\/wp-json\/wp\/v2\/posts\/597651\/revisions"}],"wp:featuredmedia":[{"embeddable":true,"href":"https:\/\/www.europesays.com\/fr\/wp-json\/wp\/v2\/media\/597652"}],"wp:attachment":[{"href":"https:\/\/www.europesays.com\/fr\/wp-json\/wp\/v2\/media?parent=597651"}],"wp:term":[{"taxonomy":"category","embeddable":true,"href":"https:\/\/www.europesays.com\/fr\/wp-json\/wp\/v2\/categories?post=597651"},{"taxonomy":"post_tag","embeddable":true,"href":"https:\/\/www.europesays.com\/fr\/wp-json\/wp\/v2\/tags?post=597651"}],"curies":[{"name":"wp","href":"https:\/\/api.w.org\/{rel}","templated":true}]}}