{"id":597655,"date":"2025-12-14T00:14:21","date_gmt":"2025-12-14T00:14:21","guid":{"rendered":"https:\/\/www.europesays.com\/fr\/597655\/"},"modified":"2025-12-14T00:14:21","modified_gmt":"2025-12-14T00:14:21","slug":"un-forain-condamne-pour-avoir-frappe-un-adolescent-quil-accusait-a-tort","status":"publish","type":"post","link":"https:\/\/www.europesays.com\/fr\/597655\/","title":{"rendered":"un forain condamn\u00e9 pour avoir frapp\u00e9 un adolescent qu&rsquo;il accusait \u00e0 tort"},"content":{"rendered":"<p itemprop=\"description\"><strong>Les faits remontent au mois de septembre 2024.<\/strong><\/p>\n<p>Alors que la f\u00eate foraine de Chazay-d&rsquo;Azergues attirait du monde, un cri se faisait entendre. Un forain venait d&rsquo;\u00eatre victime d&rsquo;un vol, visiblement perp\u00e9tr\u00e9 par deux individus.<\/p>\n<p>Son fils, entendant la clameur, se lan\u00e7ait \u00e0 la poursuite du voleur et tombait sur un adolescent qui ramassait des objets par terre. Persuad\u00e9 qu&rsquo;il tenait son homme, le trentenaire giflait le jeune de 14 ans et fouillait son sac.<\/p>\n<p>Pour s&rsquo;\u00eatre tromp\u00e9 de suspect et surtout l&rsquo;avoir violent\u00e9 et humili\u00e9, le forain \u00e9tait jug\u00e9 par le tribunal correctionnel de Villefranche-sur-Sa\u00f4ne cette semaine.<\/p>\n<p>Son comportement a agac\u00e9 les juges caladois, \u00e0 tel point qu&rsquo;ils ont eu la main plus lourde que ce que r\u00e9clamait l&rsquo;avocat g\u00e9n\u00e9ral, \u00e0 savoir 600 euros d&rsquo;amende dont 200 euros avec sursis.<\/p>\n<p>En effet, le pr\u00e9venu a \u00e9cop\u00e9 de 3 mois de prison avec sursis et plus de 2000 euros \u00e0 verser \u00e0 sa jeune victime, notamment au titre des frais de r\u00e9paration des lunettes qu&rsquo;il lui avait cass\u00e9 en le giflant.<\/p>\n","protected":false},"excerpt":{"rendered":"Les faits remontent au mois de septembre 2024. Alors que la f\u00eate foraine de Chazay-d&rsquo;Azergues attirait du monde,&hellip;\n","protected":false},"author":2,"featured_media":597656,"comment_status":"","ping_status":"","sticky":false,"template":"","format":"standard","meta":{"footnotes":""},"categories":[1889],"tags":[1111,11,2813,2190,2430,1109,251,1112,2811,1777,674,118,1011,27,1922,1110,1114,2428,2810,12,241,316,25,2812,517,800],"class_list":{"0":"post-597655","1":"post","2":"type-post","3":"status-publish","4":"format-standard","5":"has-post-thumbnail","7":"category-lyon","8":"tag-actu","9":"tag-actualites","10":"tag-article","11":"tag-asvel","12":"tag-auvergne-rhone-alpes","13":"tag-breves","14":"tag-culture","15":"tag-depeches","16":"tag-economique","17":"tag-eu","18":"tag-europe","19":"tag-faits-divers","20":"tag-fr","21":"tag-france","22":"tag-info","23":"tag-informations","24":"tag-infos","25":"tag-lyon","26":"tag-lyonmag","27":"tag-news","28":"tag-ol","29":"tag-politique","30":"tag-republique-francaise","31":"tag-sociale","32":"tag-sport","33":"tag-transports"},"share_on_mastodon":{"url":"https:\/\/pubeurope.com\/@fr\/115715038492206357","error":""},"_links":{"self":[{"href":"https:\/\/www.europesays.com\/fr\/wp-json\/wp\/v2\/posts\/597655","targetHints":{"allow":["GET"]}}],"collection":[{"href":"https:\/\/www.europesays.com\/fr\/wp-json\/wp\/v2\/posts"}],"about":[{"href":"https:\/\/www.europesays.com\/fr\/wp-json\/wp\/v2\/types\/post"}],"author":[{"embeddable":true,"href":"https:\/\/www.europesays.com\/fr\/wp-json\/wp\/v2\/users\/2"}],"replies":[{"embeddable":true,"href":"https:\/\/www.europesays.com\/fr\/wp-json\/wp\/v2\/comments?post=597655"}],"version-history":[{"count":0,"href":"https:\/\/www.europesays.com\/fr\/wp-json\/wp\/v2\/posts\/597655\/revisions"}],"wp:featuredmedia":[{"embeddable":true,"href":"https:\/\/www.europesays.com\/fr\/wp-json\/wp\/v2\/media\/597656"}],"wp:attachment":[{"href":"https:\/\/www.europesays.com\/fr\/wp-json\/wp\/v2\/media?parent=597655"}],"wp:term":[{"taxonomy":"category","embeddable":true,"href":"https:\/\/www.europesays.com\/fr\/wp-json\/wp\/v2\/categories?post=597655"},{"taxonomy":"post_tag","embeddable":true,"href":"https:\/\/www.europesays.com\/fr\/wp-json\/wp\/v2\/tags?post=597655"}],"curies":[{"name":"wp","href":"https:\/\/api.w.org\/{rel}","templated":true}]}}