{"id":597671,"date":"2025-12-14T00:25:26","date_gmt":"2025-12-14T00:25:26","guid":{"rendered":"https:\/\/www.europesays.com\/fr\/597671\/"},"modified":"2025-12-14T00:25:26","modified_gmt":"2025-12-14T00:25:26","slug":"entre-donald-trump-lukraine-et-leurope-la-grande-bataille-des-plans-de-paix","status":"publish","type":"post","link":"https:\/\/www.europesays.com\/fr\/597671\/","title":{"rendered":"Entre Donald Trump, l&rsquo;Ukraine et l&rsquo;Europe, la grande bataille des plans de paix"},"content":{"rendered":"<p>Y aura-t-il une paix \u00e0 No\u00ebl\u2009? Apr\u00e8s avoir, il y a quelques semaines et sans succ\u00e8s, fix\u00e9 un ultimatum aux Ukrainiens pour Thanksgiving, voil\u00e0 donc <a href=\"https:\/\/www.latribune.fr\/article\/banques-finance\/industrie-financiere\/34350886758764\/fed-trump-annonce-ses-favoris-et-exige-que-le-prochain-patron-le-consulte-sur-les-taux\" target=\"_blank\" rel=\"nofollow noopener\">Donald Trump <\/a>r\u00e9solu \u00e0 ce qu\u2019ils paraphent un accord de cessez-le-feu avant le 25\u202fd\u00e9cembre.<\/p>\n<p>Pourtant, le plan qu\u2019il propose \u00e0 Kiev n\u2019est gu\u00e8re diff\u00e9rent de celui formul\u00e9 fin novembre. Le locataire de la Maison-Blanche, toujours aussi bienveillant avec Moscou, a m\u00eame profit\u00e9 de l\u2019occupation russe de la ville strat\u00e9gique de Pokrovsk, dans le <a href=\"https:\/\/www.latribune.fr\/article\/la-tribune-dimanche\/la-tribune-dimanche\/dans-le-monde\/4314272149523\/dmytro-kuleba-ancien-ministre-des-affaires-etrangeres-ukrainien-le-donbass-ne-suffit-pas-a-poutine\" target=\"_blank\" rel=\"nofollow noopener\">Donbass<\/a>, pour durcir sa position. \u00ab\u202fZelensky doit commencer \u00e0 accepter certaines choses car il est en train de perdre\u202f\u00bb, assurait-il lundi 8 d\u00e9cembre \u00e0 Politico.<\/p>\n<p>Washington envisage ainsi de d\u00e9militariser le Donbass pour en faire une zone franche. Pour les Ukrainiens, cela reviendrait \u00e0 abandonner leur premi\u00e8re ligne de d\u00e9fense. Une \u00e9norme concession qu\u2019un potentiel retrait des forces russes de la r\u00e9gion de Kharkiv ne saurait combler.<\/p>\n","protected":false},"excerpt":{"rendered":"Y aura-t-il une paix \u00e0 No\u00ebl\u2009? Apr\u00e8s avoir, il y a quelques semaines et sans succ\u00e8s, fix\u00e9 un&hellip;\n","protected":false},"author":2,"featured_media":597672,"comment_status":"","ping_status":"","sticky":false,"template":"","format":"standard","meta":{"footnotes":""},"categories":[1590],"tags":[17,11,24997,15016,2834,1777,674,4027,1808,5493,3102,12,2403,27258,467,220],"class_list":{"0":"post-597671","1":"post","2":"type-post","3":"status-publish","4":"format-standard","5":"has-post-thumbnail","7":"category-ukraine","8":"tag-17","9":"tag-actualites","10":"tag-bataille","11":"tag-donald","12":"tag-entre","13":"tag-eu","14":"tag-europe","15":"tag-grande","16":"tag-leurope","17":"tag-lukraine","18":"tag-la-tribune-dimanche","19":"tag-news","20":"tag-paix","21":"tag-plans","22":"tag-trump","23":"tag-ukraine"},"share_on_mastodon":{"url":"https:\/\/pubeurope.com\/@fr\/115715081726091038","error":""},"_links":{"self":[{"href":"https:\/\/www.europesays.com\/fr\/wp-json\/wp\/v2\/posts\/597671","targetHints":{"allow":["GET"]}}],"collection":[{"href":"https:\/\/www.europesays.com\/fr\/wp-json\/wp\/v2\/posts"}],"about":[{"href":"https:\/\/www.europesays.com\/fr\/wp-json\/wp\/v2\/types\/post"}],"author":[{"embeddable":true,"href":"https:\/\/www.europesays.com\/fr\/wp-json\/wp\/v2\/users\/2"}],"replies":[{"embeddable":true,"href":"https:\/\/www.europesays.com\/fr\/wp-json\/wp\/v2\/comments?post=597671"}],"version-history":[{"count":0,"href":"https:\/\/www.europesays.com\/fr\/wp-json\/wp\/v2\/posts\/597671\/revisions"}],"wp:featuredmedia":[{"embeddable":true,"href":"https:\/\/www.europesays.com\/fr\/wp-json\/wp\/v2\/media\/597672"}],"wp:attachment":[{"href":"https:\/\/www.europesays.com\/fr\/wp-json\/wp\/v2\/media?parent=597671"}],"wp:term":[{"taxonomy":"category","embeddable":true,"href":"https:\/\/www.europesays.com\/fr\/wp-json\/wp\/v2\/categories?post=597671"},{"taxonomy":"post_tag","embeddable":true,"href":"https:\/\/www.europesays.com\/fr\/wp-json\/wp\/v2\/tags?post=597671"}],"curies":[{"name":"wp","href":"https:\/\/api.w.org\/{rel}","templated":true}]}}