{"id":597677,"date":"2025-12-14T00:28:37","date_gmt":"2025-12-14T00:28:37","guid":{"rendered":"https:\/\/www.europesays.com\/fr\/597677\/"},"modified":"2025-12-14T00:28:37","modified_gmt":"2025-12-14T00:28:37","slug":"la-france-met-la-pression-sur-lallemagne","status":"publish","type":"post","link":"https:\/\/www.europesays.com\/fr\/597677\/","title":{"rendered":"la France met la pression sur l\u2019Allemagne"},"content":{"rendered":"<p>\u00c0 deux journ\u00e9es de la fin de la phase de ligue en C1, tous les voyants sont au vert pour nos repr\u00e9sentants. Le <a href=\"https:\/\/www.footmercato.net\/club\/psg\/\" rel=\"nofollow noopener\" target=\"_blank\">PSG<\/a> reste solidement ancr\u00e9 sur le podium apr\u00e8s son nul ramen\u00e9 de Bilbao (0-0). Derri\u00e8re, l\u2019OM (16e) a arrach\u00e9 un succ\u00e8s pr\u00e9cieux au forceps contre l\u2019Union Saint-Gilloise, imit\u00e9 par l\u2019AS Monaco (19e), vainqueur de Galatasaray (1-0) \u00e0 Louis-II. Le trio tricolore est id\u00e9alement plac\u00e9 pour voir le mois de f\u00e9vrier.<\/p>\n<p>            La suite apr\u00e8s cette publicit\u00e9<\/p>\n<p>En Ligue Europa, c\u2019est le grand \u00e9cart. D\u2019un c\u00f4t\u00e9, l\u2019OL porte fi\u00e8rement le drapeau tricolore : <a href=\"https:\/\/www.footmercato.net\/europe\/uefa-europa-league\/classement\" rel=\"nofollow noopener\" target=\"_blank\">leader du classement en C3<\/a> gr\u00e2ce \u00e0 une cinqui\u00e8me victoire en six matchs face aux N\u00e9erlandais de Go Ahead Eagles (2-1). De l\u2019autre, le LOSC s\u2019enfonce apr\u00e8s son match compliqu\u00e9 face aux Young Boys (d\u00e9faite 1-0). Battus pour la troisi\u00e8me fois, les Dogues flirtent avec la zone rouge (20e), sachant que seules les 24 premi\u00e8res \u00e9quipes verront la suite. Enfin, que dire de <a href=\"https:\/\/www.footmercato.net\/club\/ogc-nice\/\" rel=\"nofollow noopener\" target=\"_blank\">Nice<\/a> ? Le Gym poursuit sa triste s\u00e9rie avec une sixi\u00e8me d\u00e9faite en autant de rencontres face \u00e0 Braga (0-1). Si l\u2019OL est premier, le club azur\u00e9en est, lui, bon dernier.<\/p>\n<p>        Strasbourg sauve les meubles, Nice s\u2019enfonce, l\u2019Allemagne en ligne de mire<\/p>\n<p>Heureusement pour l\u2019indice UEFA, la France peut compter sur Strasbourg. En Ligue Conf\u00e9rence, et malgr\u00e9 une \u00e9quipe remani\u00e9e, le Racing a dispos\u00e9 des \u00c9cossais d\u2019Aberdeen (1-0). Un succ\u00e8s qui permet aux Alsaciens d\u2019imiter les Lyonnais en occupant <a href=\"https:\/\/www.footmercato.net\/europe\/uefa-europa-conference-league\/classement\" rel=\"nofollow noopener\" target=\"_blank\">la t\u00eate du classement de la C4<\/a> apr\u00e8s 5 journ\u00e9es. La qualification directe pour les 8es de finale leur tend les bras.<\/p>\n<p>            La suite apr\u00e8s cette publicit\u00e9<\/p>\n<p>Malgr\u00e9 le \u00ab\u00a0fardeau\u00a0\u00bb ni\u00e7ois, la France continue de grappiller du terrain sur l\u2019Allemagne. Apr\u00e8s avoir repris 0,625 point lors de la journ\u00e9e pr\u00e9c\u00e9dente, le foot fran\u00e7ais r\u00e9cup\u00e8re cette semaine 0,150 point. Une goutte d\u2019eau ? Peut-\u00eatre, mais dans l\u2019optique de la bataille pour la 4e place \u00e0 l\u2019indice sur 5 ans, chaque d\u00e9cimale comptera. La route est encore longue, mais la dynamique est enclench\u00e9e.<\/p>\n<p>        Classement des nations au coefficient UEFA pour la saison 2025\/26 (entre parenth\u00e8ses, le nombre de clubs restants en comp\u00e9tition et le nombre de clubs qualifi\u00e9s cette saison pour les comp\u00e9titions europ\u00e9ennes) arr\u00eat\u00e9 au 12\/12\/2025 :<\/p>\n<p>-1. Angleterre 13,166 points (9\/9)<\/p>\n<p>-2. Allemagne 11,660 points (7\/7)<\/p>\n<p>-3. Italie 11,071 points (7\/7)<\/p>\n<p>-4. Espagne 10,609 points (7\/7)<\/p>\n<p>-4. Portugal 10,600 points (4\/5)<\/p>\n<p>-6. Pologne 10,406 points (4\/4)<\/p>\n<p><strong>-7. France 10,214 points (7\/7)<\/strong><\/p>\n<p>-8. Chypre 10,000 points (3\/4)<\/p>\n<p>-9. Danemark 9,500 points (2\/4)<\/p>\n<p>-10. Gr\u00e8ce 8,425 points (4\/5)<\/p>\n<p>\u2026<\/p>\n<p>-12. Pays-Bas 7,416 points (6\/6)<\/p>\n<p>        Classement des nations au coefficient UEFA sur les cinq derni\u00e8res saisons (entre 2021 et 2026) :<\/p>\n<p>-1. Angleterre 104,005 points<\/p>\n<p>-2. Italie 92,017 points<\/p>\n<p>-3. Espagne 85,562 points<\/p>\n<p>-4. Allemagne 82,777 points<\/p>\n<p><strong>-5. France 75,391 points<\/strong><\/p>\n<p>-6. Pays-Bas 65,366 points<\/p>\n<p>-7. Portugal 63,266 points<\/p>\n<p>-8. Belgique 57,750 points<\/p>\n<p>-9. Turquie 47,975 points<\/p>\n<p>-10. Rep.Tch\u00e8que 45,025 points<\/p>\n<p>\n    Pub. le 12\/12\/2025 12:01<br \/>\n            &#8211; MAJ le 13\/12\/2025 13:21\n    <\/p>\n","protected":false},"excerpt":{"rendered":"\u00c0 deux journ\u00e9es de la fin de la phase de ligue en C1, tous les voyants sont au&hellip;\n","protected":false},"author":2,"featured_media":597678,"comment_status":"","ping_status":"","sticky":false,"template":"","format":"standard","meta":{"footnotes":""},"categories":[1587],"tags":[11,672,1804,1805,1803,1777,674,1801,12,1802],"class_list":{"0":"post-597677","1":"post","2":"type-post","3":"status-publish","4":"format-standard","5":"has-post-thumbnail","7":"category-allemagne","8":"tag-actualites","9":"tag-allemagne","10":"tag-bundesrepublik-deutschland","11":"tag-de","12":"tag-deutschland","13":"tag-eu","14":"tag-europe","15":"tag-germany","16":"tag-news","17":"tag-republique-federale-dallemagne"},"share_on_mastodon":{"url":"https:\/\/pubeurope.com\/@fr\/115715093473674982","error":""},"_links":{"self":[{"href":"https:\/\/www.europesays.com\/fr\/wp-json\/wp\/v2\/posts\/597677","targetHints":{"allow":["GET"]}}],"collection":[{"href":"https:\/\/www.europesays.com\/fr\/wp-json\/wp\/v2\/posts"}],"about":[{"href":"https:\/\/www.europesays.com\/fr\/wp-json\/wp\/v2\/types\/post"}],"author":[{"embeddable":true,"href":"https:\/\/www.europesays.com\/fr\/wp-json\/wp\/v2\/users\/2"}],"replies":[{"embeddable":true,"href":"https:\/\/www.europesays.com\/fr\/wp-json\/wp\/v2\/comments?post=597677"}],"version-history":[{"count":0,"href":"https:\/\/www.europesays.com\/fr\/wp-json\/wp\/v2\/posts\/597677\/revisions"}],"wp:featuredmedia":[{"embeddable":true,"href":"https:\/\/www.europesays.com\/fr\/wp-json\/wp\/v2\/media\/597678"}],"wp:attachment":[{"href":"https:\/\/www.europesays.com\/fr\/wp-json\/wp\/v2\/media?parent=597677"}],"wp:term":[{"taxonomy":"category","embeddable":true,"href":"https:\/\/www.europesays.com\/fr\/wp-json\/wp\/v2\/categories?post=597677"},{"taxonomy":"post_tag","embeddable":true,"href":"https:\/\/www.europesays.com\/fr\/wp-json\/wp\/v2\/tags?post=597677"}],"curies":[{"name":"wp","href":"https:\/\/api.w.org\/{rel}","templated":true}]}}