{"id":59769,"date":"2025-04-28T17:20:08","date_gmt":"2025-04-28T17:20:08","guid":{"rendered":"https:\/\/www.europesays.com\/fr\/59769\/"},"modified":"2025-04-28T17:20:08","modified_gmt":"2025-04-28T17:20:08","slug":"les-musulmans-du-var-sous-le-choc-apres-lassassinat-dun-homme-dans-une-mosquee-du-gard","status":"publish","type":"post","link":"https:\/\/www.europesays.com\/fr\/59769\/","title":{"rendered":"Les musulmans du Var \u00ab\u00a0sous le choc\u00a0\u00bb apr\u00e8s l&rsquo;assassinat d\u2019un homme dans une mosqu\u00e9e du Gard"},"content":{"rendered":"<p>Les repr\u00e9sentants du culte musulman dans le Var ont r\u00e9agi \u00e0 l\u2019assassinat perp\u00e9tr\u00e9 dans le Gard, vendredi dernier. Parmi les fid\u00e8les musulmans, c\u2019est d\u2019abord un \u00ab\u00a0sentiment d\u2019injustice\u00a0\u00bb qui pr\u00e9domine.: \u00ab\u00a0L\u2019assaillant s\u2019est fait passer pour un musulman et a profit\u00e9 d\u2019un moment d\u2019inattention pour tuer sa victime. Donc on ne sait plus \u00e0 qui faire confiance\u00a0\u00bb, t\u00e9moigne <strong>Abdeslem Aissati, le pr\u00e9sident de l\u2019association cultuelle propri\u00e9taire de la mosqu\u00e9e du Pont-du-Las \u00e0 Toulon<\/strong>.<\/p>\n<p>\u00ab\u00a0Nous sommes tous sous le choc, poursuit le pr\u00e9sident d\u00e9partemental du conseil r\u00e9gional du culte musulman (CRCM). C\u2019est un acte qui vient se rajouter \u00e0 tous les actes commis et pas toujours d\u00e9nonc\u00e9s \u00e0 leur juste valeur. C\u2019est une bonne chose que l\u2019assaillant se soit rendu \u00e0 la justice, mais j\u2019esp\u00e8re qu\u2019ils ne vont pas faire passer \u00e7a sous un pr\u00e9texte psychiatrique.\u00a0\u00bb<\/p>\n<p>Rondes suppl\u00e9mentaires<\/p>\n<p><strong>\u00c0 la Grande mosqu\u00e9e de La Seyne-sur-Mer<\/strong>, qui accueille entre 2.000 et 4.000 fid\u00e8les chaque jour, <strong>Hakim Kerroumi<\/strong>, le pr\u00e9sident de l&rsquo;Association culturelle des musulmans de La Seyne (ACMS) pense d\u2019abord \u00e0 la s\u00e9curit\u00e9 des personnes: \u00ab\u00a0J\u2019ai envoy\u00e9 un message rapidement en leur demandant d\u2019\u00eatre tr\u00e8s vigilants, d\u2019avoir un esprit alerte en chaque instant et de faire attention aux personnes qui auraient un comportement suspect.\u00a0\u00bb<\/p>\n<p>La direction du plus grand lieu de culte musulman du Var, en contact permanent avec les forces de l\u2019ordre, va \u00e9galement demander des rondes de police suppl\u00e9mentaires afin de dissuader \u00ab\u00a0des personnes qui pourraient mimer le geste de cette personne d\u00e9rang\u00e9e qui a tu\u00e9 dans le Gard\u00a0\u00bb.<\/p>\n<p>\u00ab\u00a0\u00c0 l\u2019abri de rien\u00a0\u00bb<\/p>\n<p><strong>Sur la commune de La Garde, Said Hichouri, le pr\u00e9sident de l\u2019Association culturelle des musulmans<\/strong> tient lui aussi \u00e0 s\u2019adresser aux fid\u00e8les de la mosqu\u00e9e: \u00ab\u00a0C\u2019est arriv\u00e9 dans le Gard tout pr\u00e8s de chez nous, donc forc\u00e9ment cela a un impact ici aussi. Lorsqu\u2019une personne doit fermer la mosqu\u00e9e par exemple, on lui demande de ne pas se retrouver seule et de se faire accompagner. Aujourd\u2019hui malheureusement on n\u2019est \u00e0 l\u2019abri de rien.\u00a0\u00bb<\/p>\n<p>Selon lui, cet acte anti-musulman est \u00e0 remettre dans un contexte particulier: \u00ab\u00a0Je crois que tous les discours m\u00e9diatiques et politiques qu\u2019on peut voir participent de ces actes islamophobes. On fera passer un message vendredi.\u00a0\u00bb<\/p>\n","protected":false},"excerpt":{"rendered":"Les repr\u00e9sentants du culte musulman dans le Var ont r\u00e9agi \u00e0 l\u2019assassinat perp\u00e9tr\u00e9 dans le Gard, vendredi dernier.&hellip;\n","protected":false},"author":2,"featured_media":59770,"comment_status":"","ping_status":"","sticky":false,"template":"","format":"standard","meta":{"footnotes":""},"categories":[9619],"tags":[1111,11,1777,674,118,1011,27,12,882,4020,25,2310],"class_list":{"0":"post-59769","1":"post","2":"type-post","3":"status-publish","4":"format-standard","5":"has-post-thumbnail","7":"category-toulon","8":"tag-actu","9":"tag-actualites","10":"tag-eu","11":"tag-europe","12":"tag-faits-divers","13":"tag-fr","14":"tag-france","15":"tag-news","16":"tag-provence-alpes-cote-dazur","17":"tag-religion","18":"tag-republique-francaise","19":"tag-toulon"},"share_on_mastodon":{"url":"https:\/\/pubeurope.com\/@fr\/114416741521009548","error":""},"_links":{"self":[{"href":"https:\/\/www.europesays.com\/fr\/wp-json\/wp\/v2\/posts\/59769","targetHints":{"allow":["GET"]}}],"collection":[{"href":"https:\/\/www.europesays.com\/fr\/wp-json\/wp\/v2\/posts"}],"about":[{"href":"https:\/\/www.europesays.com\/fr\/wp-json\/wp\/v2\/types\/post"}],"author":[{"embeddable":true,"href":"https:\/\/www.europesays.com\/fr\/wp-json\/wp\/v2\/users\/2"}],"replies":[{"embeddable":true,"href":"https:\/\/www.europesays.com\/fr\/wp-json\/wp\/v2\/comments?post=59769"}],"version-history":[{"count":0,"href":"https:\/\/www.europesays.com\/fr\/wp-json\/wp\/v2\/posts\/59769\/revisions"}],"wp:featuredmedia":[{"embeddable":true,"href":"https:\/\/www.europesays.com\/fr\/wp-json\/wp\/v2\/media\/59770"}],"wp:attachment":[{"href":"https:\/\/www.europesays.com\/fr\/wp-json\/wp\/v2\/media?parent=59769"}],"wp:term":[{"taxonomy":"category","embeddable":true,"href":"https:\/\/www.europesays.com\/fr\/wp-json\/wp\/v2\/categories?post=59769"},{"taxonomy":"post_tag","embeddable":true,"href":"https:\/\/www.europesays.com\/fr\/wp-json\/wp\/v2\/tags?post=59769"}],"curies":[{"name":"wp","href":"https:\/\/api.w.org\/{rel}","templated":true}]}}