{"id":597701,"date":"2025-12-14T00:50:16","date_gmt":"2025-12-14T00:50:16","guid":{"rendered":"https:\/\/www.europesays.com\/fr\/597701\/"},"modified":"2025-12-14T00:50:16","modified_gmt":"2025-12-14T00:50:16","slug":"il-creve-lecran-le-plus-beau-tableau-de-la-saison","status":"publish","type":"post","link":"https:\/\/www.europesays.com\/fr\/597701\/","title":{"rendered":"\u00ab\u00a0Il cr\u00e8ve l\u2019\u00e9cran\u00a0\u00bb, \u00ab\u00a0le plus beau tableau de la saison\u00a0\u00bb"},"content":{"rendered":"<p>Samedi soir, lors du prime de la tourn\u00e9e, Sarah, Ambre et Bastiaan n\u2019avaient aucune pression car ils \u00e9taient d\u00e9j\u00e0 qualifi\u00e9s. Cependant, ils ont fait le show comme \u00e0 leur habitude. Le dernier cit\u00e9, qui a d\u00e9j\u00e0 brill\u00e9 lors du musical la semaine derni\u00e8re, s\u2019est vu confier l\u2019autoportrait sur le plateau du studio 217, en direct sur <a href=\"https:\/\/www.20minutes.fr\/dossier\/tf1\" class=\"c-link c-link--is-underlined\" target=\"_blank\" rel=\"noopener\">TF1<\/a>. Et il a livr\u00e9 une prestation sensationnelle.<\/p>\n<p>Bastiaan, un artiste polyvalent et brillant<\/p>\n<p>Et rebelote. Bastiaan a fait \u00e9talage de son talent, comme chaque semaine, en interpr\u00e9tant Beat it de Michael Jackson, D\u00e9senchant\u00e9e de <a href=\"https:\/\/www.20minutes.fr\/dossier\/mylene_farmer\" class=\"c-link c-link--is-underlined\" target=\"_blank\" rel=\"noopener\">Myl\u00e8ne Farmer<\/a>, L\u2019Assasymphonie, de Mozart l\u2019Op\u00e9ra Rock, et Comme ils disent de <a href=\"https:\/\/www.20minutes.fr\/dossier\/charles_aznavour\" class=\"c-link c-link--is-underlined\" target=\"_blank\" rel=\"noopener\">Charles Aznavour<\/a>. Il a impressionn\u00e9 le public par ses talents de danseur, chanteur et interpr\u00e8te. Il a m\u00eame pris le temps d\u2019aller embrasser sa m\u00e8re apr\u00e8s lui avoir d\u00e9di\u00e9 la deuxi\u00e8me chanson du medley. Malgr\u00e9 quelques couacs de tempo, il n\u2019a jamais stress\u00e9, assurant le spectacle \u00e0 chaque instant. Un vrai performeur\u00a0!<\/p>\n<p class=\"mb-m@xs text-l@xs\">En cliquant sur\u00ab J\u2019accepte \u00bb, vous acceptez le d\u00e9p\u00f4t de cookies par des services externes et aurez ainsi acc\u00e8s aux contenus de nos partenaires.<\/p>\n<p class=\"mb-xl@xs text-s@xs\">Plus d\u2019informations sur la page<a href=\"https:\/\/www.20minutes.fr\/gestion-cookies\" class=\"mx-xxs@xs color-ultramarine\" target=\"_blank\" rel=\"noopener\">Politique de gestion des cookies<\/a><\/p>\n<p>J\u2019accepte<\/p>\n<p>Apr\u00e8s le prime, il a d\u2019ailleurs re\u00e7u le c\u0153ur des r\u00e9p\u00e9titrices, Lucie et Fanny, et du prof de sport Ladji Doucour\u00e9. Nul doute qu\u2019il fera les beaux jours de la promo sur la tourn\u00e9e, avec Sarah, Ambre\u2026 mais aussi Anouk, Jeanne, Th\u00e9o P., M\u00e9lissa, Victor et L\u00e9a, qualifi\u00e9s ce samedi soir. Malheureusement, L\u00e9o a quitt\u00e9 le ch\u00e2teau lors du prime apr\u00e8s le vote des t\u00e9l\u00e9spectateurs. D\u00e9sormais, ils seront 9 en lice pour aller chercher la victoire maintenant que l\u2019objectif de la tourn\u00e9e est atteint.<\/p>\n","protected":false},"excerpt":{"rendered":"Samedi soir, lors du prime de la tourn\u00e9e, Sarah, Ambre et Bastiaan n\u2019avaient aucune pression car ils \u00e9taient&hellip;\n","protected":false},"author":2,"featured_media":597702,"comment_status":"","ping_status":"","sticky":false,"template":"","format":"standard","meta":{"footnotes":""},"categories":[1356],"tags":[58,59,1011,27,10827,5095,252,199,1364],"class_list":{"0":"post-597701","1":"post","2":"type-post","3":"status-publish","4":"format-standard","5":"has-post-thumbnail","7":"category-television","8":"tag-divertissement","9":"tag-entertainment","10":"tag-fr","11":"tag-france","12":"tag-nikos-aliagas","13":"tag-star-academy","14":"tag-television","15":"tag-tf1","16":"tag-tv"},"share_on_mastodon":{"url":"https:\/\/pubeurope.com\/@fr\/115715180082781151","error":""},"_links":{"self":[{"href":"https:\/\/www.europesays.com\/fr\/wp-json\/wp\/v2\/posts\/597701","targetHints":{"allow":["GET"]}}],"collection":[{"href":"https:\/\/www.europesays.com\/fr\/wp-json\/wp\/v2\/posts"}],"about":[{"href":"https:\/\/www.europesays.com\/fr\/wp-json\/wp\/v2\/types\/post"}],"author":[{"embeddable":true,"href":"https:\/\/www.europesays.com\/fr\/wp-json\/wp\/v2\/users\/2"}],"replies":[{"embeddable":true,"href":"https:\/\/www.europesays.com\/fr\/wp-json\/wp\/v2\/comments?post=597701"}],"version-history":[{"count":0,"href":"https:\/\/www.europesays.com\/fr\/wp-json\/wp\/v2\/posts\/597701\/revisions"}],"wp:featuredmedia":[{"embeddable":true,"href":"https:\/\/www.europesays.com\/fr\/wp-json\/wp\/v2\/media\/597702"}],"wp:attachment":[{"href":"https:\/\/www.europesays.com\/fr\/wp-json\/wp\/v2\/media?parent=597701"}],"wp:term":[{"taxonomy":"category","embeddable":true,"href":"https:\/\/www.europesays.com\/fr\/wp-json\/wp\/v2\/categories?post=597701"},{"taxonomy":"post_tag","embeddable":true,"href":"https:\/\/www.europesays.com\/fr\/wp-json\/wp\/v2\/tags?post=597701"}],"curies":[{"name":"wp","href":"https:\/\/api.w.org\/{rel}","templated":true}]}}