{"id":597712,"date":"2025-12-14T00:56:15","date_gmt":"2025-12-14T00:56:15","guid":{"rendered":"https:\/\/www.europesays.com\/fr\/597712\/"},"modified":"2025-12-14T00:56:15","modified_gmt":"2025-12-14T00:56:15","slug":"levez-les-yeux-au-ciel-cette-nuit-des-centaines-detoiles-filantes-seront-observables-voici-comment-les-apercevoir","status":"publish","type":"post","link":"https:\/\/www.europesays.com\/fr\/597712\/","title":{"rendered":"Levez les yeux au ciel cette nuit : des centaines d&rsquo;\u00e9toiles filantes seront observables, voici comment les apercevoir"},"content":{"rendered":"<p class=\"ap-StoryElement ap-StoryElement--mb ap-StoryText\">La pluie d&rsquo;\u00e9toiles filantes des G\u00e9minides atteindra son pic d&rsquo;activit\u00e9 le matin du 14 d\u00e9cembre, indique l&rsquo;observatoire public Mira mercredi. La plateforme Meteovista pr\u00e9voit un d\u00e9bit de 85 m\u00e9t\u00e9ores par heure.<\/p>\n<p class=\"ap-StoryElement ap-StoryElement--mb ap-StoryText\">Avec les \u00e9toiles filantes issues d&rsquo;autres essaims, ce nombre pourrait m\u00eame atteindre les 100 observations par heure, ce qui fait des G\u00e9minides l&rsquo;\u00e9v\u00e9nement m\u00e9t\u00e9oritique le plus actif de l&rsquo;ann\u00e9e.<\/p>\n<p><a href=\"https:\/\/www.lalibre.be\/economie\/entreprises-startup\/2025\/11\/20\/un-futur-telescope-belge-a-trois-milliards-deuros-pour-resoudre-le-mystere-de-la-naissance-de-lunivers-E7RHC7TPINGKFLTPJNWET7IPNQ\/\" target=\"_self\" class=\"ap-StoryInterstitialLink ap-StoryElement ap-StoryElement--mb\" rel=\"nofollow noopener\">Un futur t\u00e9lescope \u00ab\u00a0belge\u00a0\u00bb \u00e0 trois milliards d&rsquo;euros ?<\/a><\/p>\n<p class=\"ap-StoryElement ap-StoryElement--mb ap-StoryText\">Il faudra se lever t\u00f4t &#8211; ou se coucher tard &#8211; pour en profiter, m\u00eame si la lev\u00e9e du dernier croissant de lune \u00e0 03h00 g\u00eanera quelque peu les observations.<\/p>\n","protected":false},"excerpt":{"rendered":"La pluie d&rsquo;\u00e9toiles filantes des G\u00e9minides atteindra son pic d&rsquo;activit\u00e9 le matin du 14 d\u00e9cembre, indique l&rsquo;observatoire public&hellip;\n","protected":false},"author":2,"featured_media":597713,"comment_status":"","ping_status":"","sticky":false,"template":"","format":"standard","meta":{"footnotes":""},"categories":[7],"tags":[3057,1011,27,1227,43,40,41,39,42,44,3058],"class_list":{"0":"post-597712","1":"post","2":"type-post","3":"status-publish","4":"format-standard","5":"has-post-thumbnail","7":"category-sciences-et-technologies","8":"tag-essential","9":"tag-fr","10":"tag-france","11":"tag-horizontal","12":"tag-science","13":"tag-science-and-technology","14":"tag-sciences","15":"tag-sciences-et-technologies","16":"tag-technologies","17":"tag-technology","18":"tag-topshots"},"share_on_mastodon":{"url":"https:\/\/pubeurope.com\/@fr\/115715203787126021","error":""},"_links":{"self":[{"href":"https:\/\/www.europesays.com\/fr\/wp-json\/wp\/v2\/posts\/597712","targetHints":{"allow":["GET"]}}],"collection":[{"href":"https:\/\/www.europesays.com\/fr\/wp-json\/wp\/v2\/posts"}],"about":[{"href":"https:\/\/www.europesays.com\/fr\/wp-json\/wp\/v2\/types\/post"}],"author":[{"embeddable":true,"href":"https:\/\/www.europesays.com\/fr\/wp-json\/wp\/v2\/users\/2"}],"replies":[{"embeddable":true,"href":"https:\/\/www.europesays.com\/fr\/wp-json\/wp\/v2\/comments?post=597712"}],"version-history":[{"count":0,"href":"https:\/\/www.europesays.com\/fr\/wp-json\/wp\/v2\/posts\/597712\/revisions"}],"wp:featuredmedia":[{"embeddable":true,"href":"https:\/\/www.europesays.com\/fr\/wp-json\/wp\/v2\/media\/597713"}],"wp:attachment":[{"href":"https:\/\/www.europesays.com\/fr\/wp-json\/wp\/v2\/media?parent=597712"}],"wp:term":[{"taxonomy":"category","embeddable":true,"href":"https:\/\/www.europesays.com\/fr\/wp-json\/wp\/v2\/categories?post=597712"},{"taxonomy":"post_tag","embeddable":true,"href":"https:\/\/www.europesays.com\/fr\/wp-json\/wp\/v2\/tags?post=597712"}],"curies":[{"name":"wp","href":"https:\/\/api.w.org\/{rel}","templated":true}]}}