{"id":597714,"date":"2025-12-14T00:57:11","date_gmt":"2025-12-14T00:57:11","guid":{"rendered":"https:\/\/www.europesays.com\/fr\/597714\/"},"modified":"2025-12-14T00:57:11","modified_gmt":"2025-12-14T00:57:11","slug":"le-cri-du-coeur-de-commercants-cherbourgeois-pour-leur-centre-ville","status":"publish","type":"post","link":"https:\/\/www.europesays.com\/fr\/597714\/","title":{"rendered":"le \u00ab cri du c\u0153ur \u00bb de commer\u00e7ants cherbourgeois pour leur centre-ville"},"content":{"rendered":"<p>                    Par<br \/>\n        <strong><br \/>\n            <a href=\"https:\/\/actu.fr\/auteur\/l-ameline\" title=\"Consulter tous les articles de Ludovic Ameline\" rel=\"nofollow noopener\" target=\"_blank\">Ludovic Ameline<\/a><br \/>\n                    <\/strong><\/p>\n<p>        Publi\u00e9 le<\/p>\n<p>            13 d\u00e9c. 2025 \u00e0 20h21        <\/p>\n<p>\u00c0 <a href=\"https:\/\/actu.fr\/normandie\/cherbourg-en-cotentin_50129\" rel=\"nofollow noopener\" target=\"_blank\">Cherbourg-en-Cotentin<\/a> (<a href=\"https:\/\/actu.fr\/normandie\/manche_50\" rel=\"nofollow noopener\" target=\"_blank\">Manche<\/a>), les commer\u00e7ants du centre-ville s\u2019inqui\u00e8tent de la <b>baisse de fr\u00e9quentation<\/b> et de la progression continue des achats sur internet. Une r\u00e9alit\u00e9 qui<b> fragilise<\/b> les boutiques ind\u00e9pendantes et interroge sur <b>l\u2019avenir <\/b>du c\u0153ur de ville.<\/p>\n<p>Investissement<\/p>\n<p class=\" wall-content\">\u00ab\u2009Chaque commande pass\u00e9e sur internet, c\u2019est du chiffre d\u2019affaires en moins pour nos commerces\u2009\u00bb, souligne<b> Marie-Line, g\u00e9rante de la boutique Sylvie Thiriez<\/b> \u00e0 Cherbourg, qui s\u2019inqui\u00e8te pour l\u2019avenir de son magasin.<\/p>\n<p class=\" wall-content\">Comme beaucoup d\u2019autres, elle \u00e9voque un quotidien fait d\u2019engagement et d\u2019investissement personnel.<\/p>\n<p class=\" wall-content\">\u00ab\u2009Derri\u00e8re nos vitrines, il y a des femmes et des hommes qui travaillent, qui se l\u00e8vent t\u00f4t, qui s\u2019investissent<b> personnellement et financi\u00e8rement.<\/b> Ils se battent chaque jour pour exister, pour offrir de la qualit\u00e9, du conseil, du service et pour maintenir une vie locale dynamique.\u2009\u00bb<\/p>\n<p>\u00ab\u2009Des vitrines de l\u2019internet\u2009\u00bb<\/p>\n<p class=\" wall-content\">La situation est d\u2019autant plus pr\u00e9occupante que la fr\u00e9quentation du centre-ville <b>continue de reculer.<\/b> \u00ab\u2009Nous faisons face \u00e0 une r\u00e9alit\u00e9 de plus en plus difficile\u2009: la baisse de fr\u00e9quentation du centre-ville et la progression massive des achats en ligne\u2009\u00bb, constate-t-elle, \u00e9voquant une inqui\u00e9tude croissante pour l\u2019avenir des commerces de proximit\u00e9.<\/p>\n<p class=\" wall-content\">Un sentiment que partage<b> Sylvie, de la boutique Chic\u2019Petons <\/b>(magasin de chaussures rue des Portes), qui constate \u00e9galement une tr\u00e8s nette \u00e9volution des habitudes de consommation.<\/p>\n<p class=\" wall-content\">\u00ab<b>\u2009C\u2019est un drame, c\u2019est de pire en pire,<\/b> d\u00e9plore la commer\u00e7ante. La client\u00e8le hyperfid\u00e8le s\u2019\u00e9tiole. Dans ma boutique, je vois fr\u00e9quemment passer des personnes qui viennent essayer des chaussures, prendre les mesures du pied et qui ne reviennent pas. Ces personnes pr\u00e9f\u00e8rent commander en ligne des fins de s\u00e9rie, pensant avoir fait la bonne affaire, ce qui n\u2019est pas forc\u00e9ment le cas. Nous sommes devenus <b>des vitrines de l\u2019internet.<\/b>\u2009\u00bb<\/p>\n<p>\u00ab\u2009Nous avons besoin de vous\u2009\u00bb<\/p>\n<p class=\" wall-content\">Si le centre-ville est parfois d\u00e9crit comme en perte de dynamisme, les commer\u00e7ants rappellent que son fonctionnement d\u00e9pend<b> avant tout des habitudes de consommation.<\/b><\/p>\n<p>Votre r\u00e9gion, votre actu !<\/p>\n<p>Recevez chaque jour les infos qui comptent pour vous.<\/p>\n<p>\t<a href=\"https:\/\/actu.fr\/newsletter\" class=\"ac-btn ac-btn--corner ac-btn--medium ac-btn--blue800\" rel=\"nofollow noopener\" target=\"_blank\">S&rsquo;incrire<\/a><\/p>\n<p class=\" wall-content\">\u00ab\u2009On entend souvent dire que le centre-ville ne fonctionne plus. Mais comment peut-il fonctionner si l\u2019on n\u2019y vient plus faire ses achats\u2009?\u2009\u00bb<\/p>\n<p class=\" wall-content\">Une interrogation qui se veut aussi un cri du c\u0153ur. \u00ab\u2009<b>Nous avons besoin de vous. <\/b>Votre pr\u00e9sence, vos visites, vos achats, m\u00eame modestes, sont <b>essentiels.<\/b>\u2009\u00bb<\/p>\n<p class=\" wall-content\">Et l\u2019ancienne g\u00e9rante de l\u2019enseigne Carr\u00e9 Blanc (aujourd\u2019hui ferm\u00e9e) d\u2019\u00e9voquer un chiffre d\u2019affaires en berne.<\/p>\n<p class=\" wall-content\">\u00ab\u2009No\u00ebl repr\u00e9sente 25\u2009% de mon chiffre d\u2019affaires. Il y a deux ans, chez Carr\u00e9 Blanc, nous faisions <b>45\u2009000\u00a0euros<\/b> de chiffre d\u2019affaires en d\u00e9cembre. Aujourd\u2019hui, je peine \u00e0 atteindre les <b>8\u2009000\u00a0euros<\/b>. Je suis oblig\u00e9e de piocher dans mes r\u00e9serves pour me payer un salaire de <b>800\u00a0euros<\/b> et r\u00e9gler les charges. C\u2019est inqui\u00e9tant.\u2009\u00bb<\/p>\n<p>Lieu de vie<\/p>\n<p class=\" wall-content\">Au-del\u00e0 de l\u2019aspect \u00e9conomique, les commer\u00e7ants d\u00e9fendent <b>une certaine id\u00e9e de la vie locale.<\/b> \u00ab\u2009Un centre-ville, c\u2019est un lieu de vie, d\u2019\u00e9changes, d\u2019humain. Il ne peut exister que si la population le fait vivre.\u2009\u00bb<\/p>\n<p class=\" wall-content\">Acheter local repr\u00e9sente alors un <b>geste citoyen, \u00e9cologique et solidaire<\/b>, qui contribue au maintien de l\u2019emploi, de l\u2019\u00e9conomie de proximit\u00e9 et de l\u2019\u00e2me m\u00eame de Cherbourg.<\/p>\n<p class=\" wall-content\">Par cet appel, la commer\u00e7ante invite les habitants \u00e0 revenir au centre-ville, \u00e0 pousser la porte des boutiques locales et \u00e0 soutenir un commerce qu\u2019elle juge <b>indispensable pour la vitalit\u00e9 de Cherbourg-en-Cotentin.<\/b><\/p>\n<p class=\" wall-content\">Personnalisez votre actualit\u00e9 en ajoutant vos villes et m\u00e9dias en favori avec <a href=\"https:\/\/moncompte.actu.fr\" title=\"D\u00e9couvez Mon Actu\" rel=\"nofollow noopener\" data-trk=\"{&quot;cta&quot;:{&quot;action&quot;:&quot;https:\\\/\\\/moncompte.actu.fr&quot;,&quot;category&quot;:&quot;mon compte&quot;,&quot;from&quot;:&quot;article footer&quot;,&quot;name&quot;:&quot;Mon actu&quot;,&quot;type&quot;:&quot;cta&quot;}}\" target=\"_blank\">Mon Actu<\/a>.<\/p>\n","protected":false},"excerpt":{"rendered":"Par Ludovic Ameline Publi\u00e9 le 13 d\u00e9c. 2025 \u00e0 20h21 \u00c0 Cherbourg-en-Cotentin (Manche), les commer\u00e7ants du centre-ville s\u2019inqui\u00e8tent&hellip;\n","protected":false},"author":2,"featured_media":597715,"comment_status":"","ping_status":"","sticky":false,"template":"","format":"standard","meta":{"footnotes":""},"categories":[6],"tags":[35,215,33304,3168,33,34,1011,27],"class_list":{"0":"post-597714","1":"post","2":"type-post","3":"status-publish","4":"format-standard","5":"has-post-thumbnail","7":"category-economie","8":"tag-business","9":"tag-commerce","10":"tag-commerces-a-cherbourg","11":"tag-cotentin","12":"tag-economie","13":"tag-economy","14":"tag-fr","15":"tag-france"},"share_on_mastodon":{"url":"https:\/\/pubeurope.com\/@fr\/115715207757184793","error":""},"_links":{"self":[{"href":"https:\/\/www.europesays.com\/fr\/wp-json\/wp\/v2\/posts\/597714","targetHints":{"allow":["GET"]}}],"collection":[{"href":"https:\/\/www.europesays.com\/fr\/wp-json\/wp\/v2\/posts"}],"about":[{"href":"https:\/\/www.europesays.com\/fr\/wp-json\/wp\/v2\/types\/post"}],"author":[{"embeddable":true,"href":"https:\/\/www.europesays.com\/fr\/wp-json\/wp\/v2\/users\/2"}],"replies":[{"embeddable":true,"href":"https:\/\/www.europesays.com\/fr\/wp-json\/wp\/v2\/comments?post=597714"}],"version-history":[{"count":0,"href":"https:\/\/www.europesays.com\/fr\/wp-json\/wp\/v2\/posts\/597714\/revisions"}],"wp:featuredmedia":[{"embeddable":true,"href":"https:\/\/www.europesays.com\/fr\/wp-json\/wp\/v2\/media\/597715"}],"wp:attachment":[{"href":"https:\/\/www.europesays.com\/fr\/wp-json\/wp\/v2\/media?parent=597714"}],"wp:term":[{"taxonomy":"category","embeddable":true,"href":"https:\/\/www.europesays.com\/fr\/wp-json\/wp\/v2\/categories?post=597714"},{"taxonomy":"post_tag","embeddable":true,"href":"https:\/\/www.europesays.com\/fr\/wp-json\/wp\/v2\/tags?post=597714"}],"curies":[{"name":"wp","href":"https:\/\/api.w.org\/{rel}","templated":true}]}}