{"id":597716,"date":"2025-12-14T00:58:16","date_gmt":"2025-12-14T00:58:16","guid":{"rendered":"https:\/\/www.europesays.com\/fr\/597716\/"},"modified":"2025-12-14T00:58:16","modified_gmt":"2025-12-14T00:58:16","slug":"a-koupiansk-le-sursaut-galvanisant-de-larmee-ukrainienne-liberation","status":"publish","type":"post","link":"https:\/\/www.europesays.com\/fr\/597716\/","title":{"rendered":"A Koupiansk, le sursaut galvanisant de l\u2019arm\u00e9e ukrainienne \u2013 Lib\u00e9ration"},"content":{"rendered":"<p class=\"sc-cPiKLX AiZTS text-element\">Les dirigeants du Kremlin, <a href=\"https:\/\/www.liberation.fr\/international\/europe\/kyiv-assure-que-les-combats-se-poursuivent-a-potrovsk-dont-moscou-a-revendique-la-capture-20251202_U3DXTDRJDZFG7C5LUP2VQYMAVE\/\" target=\"_blank\" rel=\"noopener\" title=\"https:\/\/www.liberation.fr\/international\/europe\/kyiv-assure-que-les-combats-se-poursuivent-a-potrovsk-dont-moscou-a-revendique-la-capture-20251202_U3DXTDRJDZFG7C5LUP2VQYMAVE\/\">tout \u00e0 leur strat\u00e9gie de forger des victoires Potemkine<\/a>, ont peut-\u00eatre manqu\u00e9 une bonne occasion de se taire. Le 20 novembre, Valeri Guerassimov, le chef d\u2019\u00e9tat-major des arm\u00e9es russes, annonce en grande pompe la conqu\u00eate de Koupiansk, n\u0153ud ferroviaire de 27 000 habitants avant guerre, dans la r\u00e9gion de Kharkiv. Dans la foul\u00e9e, le 2 d\u00e9cembre, histoire de bien enfumer les m\u00e9dias et les n\u00e9gociateurs am\u00e9ricains, Vladimir Poutine invite les journalistes internationaux \u00e0 venir \u00e0 Koupiansk \u00abv\u00e9rifier de leurs propres yeux\u00bb son succ\u00e8s et la d\u00e9faite ukrainienne. Pas de chance, dix jours plus tard, ce vendredi 12 d\u00e9cembre, c\u2019est Volodymyr Zelensky qui se pointe devant la st\u00e8le d\u2019entr\u00e9e de la ville, smartphone au poing, pour annoncer qu\u2019elle est sur le point d\u2019\u00eatre nettoy\u00e9e de la pr\u00e9sence des Russes.<\/p>\n<p class=\"sc-cPiKLX AiZTS text-element\">\u00abBeaucoup de Russes se vantaient au sujet de Koupiansk et nous voyons d\u00e9sormais le r\u00e9sultat r\u00e9el. F\u00e9licitations aux gars ! Merci \u00e0 chaque unit\u00e9 et \u00e0 tous ceux qui combattent, qui d\u00e9truisent l\u2019occupant\u00bb, d\u00e9clare Zelensky, plus combatif que jamais, dans une vid\u00e9o sel<\/p>\n","protected":false},"excerpt":{"rendered":"Les dirigeants du Kremlin, tout \u00e0 leur strat\u00e9gie de forger des victoires Potemkine, ont peut-\u00eatre manqu\u00e9 une bonne&hellip;\n","protected":false},"author":2,"featured_media":597717,"comment_status":"","ping_status":"","sticky":false,"template":"","format":"standard","meta":{"footnotes":""},"categories":[5],"tags":[11,1011,27,14,12,132,220,297,135,134,28],"class_list":{"0":"post-597716","1":"post","2":"type-post","3":"status-publish","4":"format-standard","5":"has-post-thumbnail","7":"category-international","8":"tag-actualites","9":"tag-fr","10":"tag-france","11":"tag-international","12":"tag-news","13":"tag-russie","14":"tag-ukraine","15":"tag-ukraine-la-crise","16":"tag-vladimir-poutine","17":"tag-volodymyr-zelensky","18":"tag-world"},"share_on_mastodon":{"url":"https:\/\/pubeurope.com\/@fr\/115715211553151262","error":""},"_links":{"self":[{"href":"https:\/\/www.europesays.com\/fr\/wp-json\/wp\/v2\/posts\/597716","targetHints":{"allow":["GET"]}}],"collection":[{"href":"https:\/\/www.europesays.com\/fr\/wp-json\/wp\/v2\/posts"}],"about":[{"href":"https:\/\/www.europesays.com\/fr\/wp-json\/wp\/v2\/types\/post"}],"author":[{"embeddable":true,"href":"https:\/\/www.europesays.com\/fr\/wp-json\/wp\/v2\/users\/2"}],"replies":[{"embeddable":true,"href":"https:\/\/www.europesays.com\/fr\/wp-json\/wp\/v2\/comments?post=597716"}],"version-history":[{"count":0,"href":"https:\/\/www.europesays.com\/fr\/wp-json\/wp\/v2\/posts\/597716\/revisions"}],"wp:featuredmedia":[{"embeddable":true,"href":"https:\/\/www.europesays.com\/fr\/wp-json\/wp\/v2\/media\/597717"}],"wp:attachment":[{"href":"https:\/\/www.europesays.com\/fr\/wp-json\/wp\/v2\/media?parent=597716"}],"wp:term":[{"taxonomy":"category","embeddable":true,"href":"https:\/\/www.europesays.com\/fr\/wp-json\/wp\/v2\/categories?post=597716"},{"taxonomy":"post_tag","embeddable":true,"href":"https:\/\/www.europesays.com\/fr\/wp-json\/wp\/v2\/tags?post=597716"}],"curies":[{"name":"wp","href":"https:\/\/api.w.org\/{rel}","templated":true}]}}