{"id":597718,"date":"2025-12-14T00:59:17","date_gmt":"2025-12-14T00:59:17","guid":{"rendered":"https:\/\/www.europesays.com\/fr\/597718\/"},"modified":"2025-12-14T00:59:17","modified_gmt":"2025-12-14T00:59:17","slug":"en-direct-dermatose-nodulaire-de-nouvelles-actions-dagriculteurs-prevues-dimanche","status":"publish","type":"post","link":"https:\/\/www.europesays.com\/fr\/597718\/","title":{"rendered":"EN DIRECT &#8211; Dermatose nodulaire : de nouvelles actions d&rsquo;agriculteurs pr\u00e9vues dimanche"},"content":{"rendered":"<p>Les appels \u00e0 la mobilisation lanc\u00e9s par les agriculteurs se poursuivent ces-prochains jours. On fait le point sur les principales informations dont nous disposons.\u00a0<\/p>\n<p><strong>Dimanche 14 d\u00e9cembre<\/strong><\/p>\n<p>La Conf\u00e9d\u00e9ration paysanne renouvelle ses appels au blocage dans les Pyr\u00e9n\u00e9es-Orientales, \u00e0 Villefranche-de-Conflent, et dans l&rsquo;H\u00e9rault, \u00e0 Vendargues, o\u00f9 des groupes d&rsquo;\u00e9leveurs devraient se r\u00e9unir sur les ronds-points.\u00a0<\/p>\n<p>M\u00eame chose en Gironde, o\u00f9 le rendez-vous est donn\u00e9 t\u00f4t demain matin \u00e0 Saint-Vincent-de-Paul et Martillac.<\/p>\n<p>\u00c0 Caen, une mobilisation est \u00e9galement pr\u00e9vue sur le march\u00e9 \u00e0 10 h 30.\u00a0<\/p>\n<p><strong>Lundi 15 d\u00e9cembre<\/strong><\/p>\n<p>Les appels \u00e0 la mobilisation devant les services de l&rsquo;\u00c9tat se multiplient.<\/p>\n<p>\u00c0 Pau, le rendez-vous est donn\u00e9 \u00e0 la mi-journ\u00e9e devant la pr\u00e9fecture.\u00a0<\/p>\n<p>M\u00eame chose dans le Vaucluse, \u00e0 Avignon, ou encore en Indre-et-Loire, \u00e0 Tours.\u00a0<\/p>\n<p>\u00c0 La Roche-sur-Yon, le rendez-vous est fix\u00e9 dans la soir\u00e9e, tandis que les Conf\u00e9d\u00e9rations paysannes de l&rsquo;Oise, de la Somme et de l&rsquo;Aisne pr\u00e9voient une mobilisation \u00ab\u00a0contre le massacre de nos vaches\u00a0\u00bb \u00e0 14 h 30 devant la pr\u00e9fecture de Beauvais.<\/p>\n","protected":false},"excerpt":{"rendered":"Les appels \u00e0 la mobilisation lanc\u00e9s par les agriculteurs se poursuivent ces-prochains jours. On fait le point sur&hellip;\n","protected":false},"author":2,"featured_media":597719,"comment_status":"","ping_status":"","sticky":false,"template":"","format":"standard","meta":{"footnotes":""},"categories":[4],"tags":[1111,11,327,40857,1921,70860,1011,27,1922,12,25,133,5010],"class_list":{"0":"post-597718","1":"post","2":"type-post","3":"status-publish","4":"format-standard","5":"has-post-thumbnail","7":"category-france","8":"tag-actu","9":"tag-actualites","10":"tag-agriculture","11":"tag-annie-genevard","12":"tag-article-video","13":"tag-dermatose-nodulaire-les-agriculteurs-mobilises","14":"tag-fr","15":"tag-france","16":"tag-info","17":"tag-news","18":"tag-republique-francaise","19":"tag-video","20":"tag-video-sujets-de-societe"},"share_on_mastodon":{"url":"https:\/\/pubeurope.com\/@fr\/115715215811995361","error":""},"_links":{"self":[{"href":"https:\/\/www.europesays.com\/fr\/wp-json\/wp\/v2\/posts\/597718","targetHints":{"allow":["GET"]}}],"collection":[{"href":"https:\/\/www.europesays.com\/fr\/wp-json\/wp\/v2\/posts"}],"about":[{"href":"https:\/\/www.europesays.com\/fr\/wp-json\/wp\/v2\/types\/post"}],"author":[{"embeddable":true,"href":"https:\/\/www.europesays.com\/fr\/wp-json\/wp\/v2\/users\/2"}],"replies":[{"embeddable":true,"href":"https:\/\/www.europesays.com\/fr\/wp-json\/wp\/v2\/comments?post=597718"}],"version-history":[{"count":0,"href":"https:\/\/www.europesays.com\/fr\/wp-json\/wp\/v2\/posts\/597718\/revisions"}],"wp:featuredmedia":[{"embeddable":true,"href":"https:\/\/www.europesays.com\/fr\/wp-json\/wp\/v2\/media\/597719"}],"wp:attachment":[{"href":"https:\/\/www.europesays.com\/fr\/wp-json\/wp\/v2\/media?parent=597718"}],"wp:term":[{"taxonomy":"category","embeddable":true,"href":"https:\/\/www.europesays.com\/fr\/wp-json\/wp\/v2\/categories?post=597718"},{"taxonomy":"post_tag","embeddable":true,"href":"https:\/\/www.europesays.com\/fr\/wp-json\/wp\/v2\/tags?post=597718"}],"curies":[{"name":"wp","href":"https:\/\/api.w.org\/{rel}","templated":true}]}}