{"id":597724,"date":"2025-12-14T01:04:46","date_gmt":"2025-12-14T01:04:46","guid":{"rendered":"https:\/\/www.europesays.com\/fr\/597724\/"},"modified":"2025-12-14T01:04:46","modified_gmt":"2025-12-14T01:04:46","slug":"ligue-2-longtemps-menee-las-saint-etienne-arrache-le-nul-face-a-la-lanterne-rouge-bastia-a","status":"publish","type":"post","link":"https:\/\/www.europesays.com\/fr\/597724\/","title":{"rendered":"Ligue 2. Longtemps men\u00e9e, l\u2019AS Saint-\u00c9tienne arrache le nul face \u00e0 la lanterne rouge Bastia \u00e0"},"content":{"rendered":"<p>15\u00a0matches (<a href=\"https:\/\/rennes.maville.com\/sport\/detail_-ligue-2.-match-arrete-a-bastia-apres-un-jet-de-fumigene-sur-un-joueur-du-red-star-dans-le-nouveau-stade-furiani-_54135-7096247_actu.Htm\" target=\"_blank\" rel=\"noopener\">en attendant le d\u00e9lib\u00e9r\u00e9 de la rencontre arr\u00eat\u00e9e face au Red Star<\/a>), une victoire, dix d\u00e9faites, six buts inscrits &#8211; dont aucun \u00e0 l\u2019ext\u00e9rieur, 20\u00a0encaiss\u00e9s et une place de lanterne rouge avec 7\u00a0points. C\u2019\u00e9tait le bilan du SC Bastia avant de se pr\u00e9senter au Stade Geoffroy-Guichard pour y d\u00e9fier l\u2019AS Saint-\u00c9tienne, ce samedi 13\u00a0d\u00e9cembre pour le compte de la 17e journ\u00e9e de Ligue 2. Un d\u00e9placement qui, sur le papier, s\u2019annon\u00e7ait terrible pour des Corses auteurs d\u2019une premi\u00e8re partie de saison cauchemardesque.<\/p>\n<p>Davitashvili n\u2019aura pas suffi<\/p>\n<p>Et pourtant, apr\u00e8s un d\u00e9but de match plut\u00f4t plaisant de Verts manquant de r\u00e9alisme, ce sont bien les Corses qui ont ouvert la marque, Jeremy Sebas (0-1, 17\u2019) profitant d\u2019une perte de balle aux abords de la surface st\u00e9phanoise d\u2019Igor Miladinovic pour refroidir un Chaudron priv\u00e9 de son Kop Nord. Sonn\u00e9e, l\u2019\u00e9quipe d\u2019Eirik Horneland n\u2019a pas tard\u00e9 \u00e0 r\u00e9agir gr\u00e2ce \u00e0 son meilleur buteur Zuriko Davitashvili (8 buts), auteur d\u2019un but splendide apr\u00e8s une passe parfaite de Maxime Bernauer (1-1, 24\u2019).<\/p>\n<p>Mais c\u2019\u00e9tait No\u00ebl avant l\u2019heure pour Bastia \u00e0 Geoffroy-Guichard, Felix Tomi punissant une nouvelle erreur d\u00e9fensive invraisemblable de Bernauer pour remettre son \u00e9quipe devant (1-2, 34\u2019). Le coup \u00e9tait alors parfait pour les Corses de\u00a0R\u00e9ginald Ray, qui d\u00e9fiaient en plus une ASSE compl\u00e8tement apathique en seconde p\u00e9riode malgr\u00e9 pr\u00e8s de 80\u00a0% de possession et dix tirs cadr\u00e9s. Le Chaudron commen\u00e7ait alors \u00e0 s\u00e9rieusement pester, jusqu\u2019\u00e0 ce que Davitashvili n\u2019arrache l\u2019\u00e9galisation d\u2019une frappe puissante du pied droit (2-2, 81\u2019).<\/p>\n<p>Un score clairement insuffisant pour un candidat \u00e0 la mont\u00e9e directe qui aurait pu \u00eatre sauv\u00e9 par le penalty obtenu par Mahmoud Jaber mais qu\u2019a finalement manqu\u00e9 Florian Tardieu (87\u2019), pourtant parfait sur l\u2019exercice jusqu\u2019alors. Avec 30\u00a0points en 17\u00a0matches, soit deux de moins que Troyes qui joue lundi, les Verts bouclent leur phase aller sous les sifflets de leur public et \u00e0 une deuxi\u00e8me place de Ligue 2 <a href=\"https:\/\/vichy.maville.com\/sport\/detail_-ligue-2.-saint-etienne-chute-encore-sur-le-terrain-de-dunkerque-et-reste-deuxieme-_54135-7097539_actu.Htm\" target=\"_blank\" rel=\"noopener\">qui ne dit pas tout des difficult\u00e9s st\u00e9phanoises<\/a>, qui se d\u00e9placeront au Mans (3e, 30\u00a0points) pour la reprise le 3\u00a0janvier.<\/p>\n<p>En face, le SC Bastia retrouve quelque peu le sourire malgr\u00e9 un statut de lanterne rouge et dix points de retard sur Nancy (15e, 18\u00a0points), premier non-rel\u00e9gable.<\/p>\n<p>\u00a0<\/p>\n","protected":false},"excerpt":{"rendered":"15\u00a0matches (en attendant le d\u00e9lib\u00e9r\u00e9 de la rencontre arr\u00eat\u00e9e face au Red Star), une victoire, dix d\u00e9faites, six&hellip;\n","protected":false},"author":2,"featured_media":597725,"comment_status":"","ping_status":"","sticky":false,"template":"","format":"standard","meta":{"footnotes":""},"categories":[9653],"tags":[1111,11,2430,3809,1465,1777,674,63,1011,27,1792,1922,12,3086,25,479,4001,517,1470],"class_list":{"0":"post-597724","1":"post","2":"type-post","3":"status-publish","4":"format-standard","5":"has-post-thumbnail","7":"category-saint-etienne","8":"tag-actu","9":"tag-actualites","10":"tag-auvergne-rhone-alpes","11":"tag-ball","12":"tag-basket","13":"tag-eu","14":"tag-europe","15":"tag-football","16":"tag-fr","17":"tag-france","18":"tag-handball","19":"tag-info","20":"tag-news","21":"tag-redon","22":"tag-republique-francaise","23":"tag-rugby","24":"tag-saint-etienne","25":"tag-sport","26":"tag-volley"},"share_on_mastodon":{"url":"https:\/\/pubeurope.com\/@fr\/115715238977687535","error":""},"_links":{"self":[{"href":"https:\/\/www.europesays.com\/fr\/wp-json\/wp\/v2\/posts\/597724","targetHints":{"allow":["GET"]}}],"collection":[{"href":"https:\/\/www.europesays.com\/fr\/wp-json\/wp\/v2\/posts"}],"about":[{"href":"https:\/\/www.europesays.com\/fr\/wp-json\/wp\/v2\/types\/post"}],"author":[{"embeddable":true,"href":"https:\/\/www.europesays.com\/fr\/wp-json\/wp\/v2\/users\/2"}],"replies":[{"embeddable":true,"href":"https:\/\/www.europesays.com\/fr\/wp-json\/wp\/v2\/comments?post=597724"}],"version-history":[{"count":0,"href":"https:\/\/www.europesays.com\/fr\/wp-json\/wp\/v2\/posts\/597724\/revisions"}],"wp:featuredmedia":[{"embeddable":true,"href":"https:\/\/www.europesays.com\/fr\/wp-json\/wp\/v2\/media\/597725"}],"wp:attachment":[{"href":"https:\/\/www.europesays.com\/fr\/wp-json\/wp\/v2\/media?parent=597724"}],"wp:term":[{"taxonomy":"category","embeddable":true,"href":"https:\/\/www.europesays.com\/fr\/wp-json\/wp\/v2\/categories?post=597724"},{"taxonomy":"post_tag","embeddable":true,"href":"https:\/\/www.europesays.com\/fr\/wp-json\/wp\/v2\/tags?post=597724"}],"curies":[{"name":"wp","href":"https:\/\/api.w.org\/{rel}","templated":true}]}}