{"id":597730,"date":"2025-12-14T01:12:13","date_gmt":"2025-12-14T01:12:13","guid":{"rendered":"https:\/\/www.europesays.com\/fr\/597730\/"},"modified":"2025-12-14T01:12:13","modified_gmt":"2025-12-14T01:12:13","slug":"alcool-stupefiants-defaut-dassurances-soiree-chargee-pour-les-gendarmes-pres-de-montpellier","status":"publish","type":"post","link":"https:\/\/www.europesays.com\/fr\/597730\/","title":{"rendered":"Alcool, stup\u00e9fiants, d\u00e9faut d\u2019assurances\u00a0: soir\u00e9e charg\u00e9e pour les gendarmes pr\u00e8s de Montpellier"},"content":{"rendered":"<p>\n                                                                Des contr\u00f4les se sont d\u00e9roul\u00e9s \u00e0 Castelnau-le-Lez et Jacou dans la nuit de vendredi \u00e0 samedi. Plusieurs infractions ont \u00e9t\u00e9 relev\u00e9es.\n                            <\/p>\n<p>Les gendarmes de la compagnie de Castelnau-le-Lez ont men\u00e9 une op\u00e9ration de contr\u00f4les nocturnes, dans la nuit du\u00a0vendredi\u00a012 au samedi 13\u00a0d\u00e9cembre, entre 23\u00a0h et 1 h, sur le secteur de Castelnau et Jacou.<\/p>\n<p>Les fouilles, pratiqu\u00e9es sur r\u00e9quisition du procureur de la R\u00e9publique, visaient \u00e0 lutter contre le trafic de stup\u00e9fiants et le transport d\u2019armes.<\/p>\n<p>Des contr\u00f4les visant \u00e0 d\u00e9tecter l\u2019alcool\u00a0et les\u00a0stup\u00e9fiants ont aussi eu lieu. Un conducteur, qui avait consomm\u00e9 les deux, a vu son v\u00e9hicule mis en fourri\u00e8re.<\/p>\n<p>Refus d\u2019obtemp\u00e9rer<\/p>\n<p>Un autre automobiliste, qui \u00e9tait en \u00e9tat d\u2019ivresse, a aggrav\u00e9 son cas en refusant\u00a0d\u2019obtemp\u00e9rer. Il\u00a0a \u00e9t\u00e9\u00a0rattrap\u00e9 par les forces de l\u2019ordre.<\/p>\n<p>Plusieurs amendes ont \u00e9t\u00e9 donn\u00e9es pour d\u00e9faut d\u2019assurances ou consommation de stup\u00e9fiants, ainsi que pour diverses infractions au code de la route.<\/p>\n<p>La police municipale de Castelnau et celle de Jacou \u00e9taient pr\u00e9sentes sur les lieux des contr\u00f4les.<\/p>\n","protected":false},"excerpt":{"rendered":"Des contr\u00f4les se sont d\u00e9roul\u00e9s \u00e0 Castelnau-le-Lez et Jacou dans la nuit de vendredi \u00e0 samedi. Plusieurs infractions&hellip;\n","protected":false},"author":2,"featured_media":597731,"comment_status":"","ping_status":"","sticky":false,"template":"","format":"standard","meta":{"footnotes":""},"categories":[9599],"tags":[1111,11,1777,674,118,1011,27,7089,2208,12,2680,25],"class_list":{"0":"post-597730","1":"post","2":"type-post","3":"status-publish","4":"format-standard","5":"has-post-thumbnail","7":"category-montpellier","8":"tag-actu","9":"tag-actualites","10":"tag-eu","11":"tag-europe","12":"tag-faits-divers","13":"tag-fr","14":"tag-france","15":"tag-herault","16":"tag-montpellier","17":"tag-news","18":"tag-occitanie","19":"tag-republique-francaise"},"share_on_mastodon":{"url":"https:\/\/pubeurope.com\/@fr\/115715266586792303","error":""},"_links":{"self":[{"href":"https:\/\/www.europesays.com\/fr\/wp-json\/wp\/v2\/posts\/597730","targetHints":{"allow":["GET"]}}],"collection":[{"href":"https:\/\/www.europesays.com\/fr\/wp-json\/wp\/v2\/posts"}],"about":[{"href":"https:\/\/www.europesays.com\/fr\/wp-json\/wp\/v2\/types\/post"}],"author":[{"embeddable":true,"href":"https:\/\/www.europesays.com\/fr\/wp-json\/wp\/v2\/users\/2"}],"replies":[{"embeddable":true,"href":"https:\/\/www.europesays.com\/fr\/wp-json\/wp\/v2\/comments?post=597730"}],"version-history":[{"count":0,"href":"https:\/\/www.europesays.com\/fr\/wp-json\/wp\/v2\/posts\/597730\/revisions"}],"wp:featuredmedia":[{"embeddable":true,"href":"https:\/\/www.europesays.com\/fr\/wp-json\/wp\/v2\/media\/597731"}],"wp:attachment":[{"href":"https:\/\/www.europesays.com\/fr\/wp-json\/wp\/v2\/media?parent=597730"}],"wp:term":[{"taxonomy":"category","embeddable":true,"href":"https:\/\/www.europesays.com\/fr\/wp-json\/wp\/v2\/categories?post=597730"},{"taxonomy":"post_tag","embeddable":true,"href":"https:\/\/www.europesays.com\/fr\/wp-json\/wp\/v2\/tags?post=597730"}],"curies":[{"name":"wp","href":"https:\/\/api.w.org\/{rel}","templated":true}]}}