{"id":597732,"date":"2025-12-14T01:13:13","date_gmt":"2025-12-14T01:13:13","guid":{"rendered":"https:\/\/www.europesays.com\/fr\/597732\/"},"modified":"2025-12-14T01:13:13","modified_gmt":"2025-12-14T01:13:13","slug":"previsions-du-dimanche-14-decembre-2025","status":"publish","type":"post","link":"https:\/\/www.europesays.com\/fr\/597732\/","title":{"rendered":"pr\u00e9visions du dimanche 14 d\u00e9cembre 2025"},"content":{"rendered":"<p>Cette journ\u00e9e sera synonyme de grand soleil pour Montpellier. Les temp\u00e9ratures iront de 8 \u00e0 13\u00b0C. Le matin, le thermom\u00e8tre affichera 9\u00b0C en moyenne. Un petit vent de nord-est sera ressenti par les habitants. Les valeurs s&rsquo;\u00e9chelonneront entre 10\u00b0C et 13\u00b0C dans l&rsquo;apr\u00e8s-midi. Le soir, le vent va progressivement \u00e9loigner les nuages. C&rsquo;est un ciel pluvieux que conna\u00eetra la nuit de dimanche \u00e0 lundi.<\/p>\n<p>Il faudra \u00eatre vigilant demain : de petites averses auront lieu \u00e0 Montpellier. Le temps va se r\u00e9chauffer avec une hausse de quelques degr\u00e9s. Il va faire environ 13\u00b0C. Un vent de sud-est soufflera \u00e0 30 km\/h. Les temp\u00e9ratures seront de 12\u00b0C au minimum et de 14\u00b0C au plus haut la matin\u00e9e. Demain apr\u00e8s-midi, les valeurs afficheront entre 13 et 14\u00b0C. Il sera difficile de rester au sec car de la pluie est annonc\u00e9e dans la soir\u00e9e. Un vent de sud-est soufflera \u00e0 40 km\/h.<\/p>\n<p>Les jours s&rsquo;encha\u00eenent et ne changent pas. Des temp\u00e9ratures dans les 13\u00b0C accompagneront un ciel pluvieux.<\/p>\n<p><\/p>\n","protected":false},"excerpt":{"rendered":"Cette journ\u00e9e sera synonyme de grand soleil pour Montpellier. Les temp\u00e9ratures iront de 8 \u00e0 13\u00b0C. Le matin,&hellip;\n","protected":false},"author":2,"featured_media":597733,"comment_status":"","ping_status":"","sticky":false,"template":"","format":"standard","meta":{"footnotes":""},"categories":[9599],"tags":[1111,11,1777,674,1011,27,2208,12,2680,2119,25],"class_list":{"0":"post-597732","1":"post","2":"type-post","3":"status-publish","4":"format-standard","5":"has-post-thumbnail","7":"category-montpellier","8":"tag-actu","9":"tag-actualites","10":"tag-eu","11":"tag-europe","12":"tag-fr","13":"tag-france","14":"tag-montpellier","15":"tag-news","16":"tag-occitanie","17":"tag-previsions-meteo","18":"tag-republique-francaise"},"share_on_mastodon":{"url":"https:\/\/pubeurope.com\/@fr\/115715270446441025","error":""},"_links":{"self":[{"href":"https:\/\/www.europesays.com\/fr\/wp-json\/wp\/v2\/posts\/597732","targetHints":{"allow":["GET"]}}],"collection":[{"href":"https:\/\/www.europesays.com\/fr\/wp-json\/wp\/v2\/posts"}],"about":[{"href":"https:\/\/www.europesays.com\/fr\/wp-json\/wp\/v2\/types\/post"}],"author":[{"embeddable":true,"href":"https:\/\/www.europesays.com\/fr\/wp-json\/wp\/v2\/users\/2"}],"replies":[{"embeddable":true,"href":"https:\/\/www.europesays.com\/fr\/wp-json\/wp\/v2\/comments?post=597732"}],"version-history":[{"count":0,"href":"https:\/\/www.europesays.com\/fr\/wp-json\/wp\/v2\/posts\/597732\/revisions"}],"wp:featuredmedia":[{"embeddable":true,"href":"https:\/\/www.europesays.com\/fr\/wp-json\/wp\/v2\/media\/597733"}],"wp:attachment":[{"href":"https:\/\/www.europesays.com\/fr\/wp-json\/wp\/v2\/media?parent=597732"}],"wp:term":[{"taxonomy":"category","embeddable":true,"href":"https:\/\/www.europesays.com\/fr\/wp-json\/wp\/v2\/categories?post=597732"},{"taxonomy":"post_tag","embeddable":true,"href":"https:\/\/www.europesays.com\/fr\/wp-json\/wp\/v2\/tags?post=597732"}],"curies":[{"name":"wp","href":"https:\/\/api.w.org\/{rel}","templated":true}]}}