{"id":597734,"date":"2025-12-14T01:15:49","date_gmt":"2025-12-14T01:15:49","guid":{"rendered":"https:\/\/www.europesays.com\/fr\/597734\/"},"modified":"2025-12-14T01:15:49","modified_gmt":"2025-12-14T01:15:49","slug":"un-poids-lourd-charge-de-pommes-de-terre-paralyse-la28-toute-la-nuit-dans-leure","status":"publish","type":"post","link":"https:\/\/www.europesays.com\/fr\/597734\/","title":{"rendered":"Un poids lourd charg\u00e9 de pommes de terre paralyse l\u2019A28 toute la nuit dans l\u2019Eure"},"content":{"rendered":"<p>\t\t\t\t\t Sur place, les \u00e9quipes d\u2019intervention et de s\u00e9curit\u00e9 ont assur\u00e9 le balisage de la zone, la s\u00e9curisation de l\u2019axe, l\u2019\u00e9vacuation de la marchandise ainsi que le relevage du camion accident\u00e9. <\/p>\n<p>Le gestionnaire autoroutier Alis a mis en place un itin\u00e9raire de d\u00e9viation : les usagers en provenance de Rouen ont \u00e9t\u00e9 invit\u00e9s \u00e0 quitter l\u2019A28 au diffuseur n\u00b013 Brionne, \u00e0 emprunter le r\u00e9seau d\u00e9partemental (RD438), puis \u00e0 reprendre l\u2019autoroute au diffuseur n\u00b014 Bernay en direction du Mans. <\/p>\n<p>La dur\u00e9e de fermeture de l&rsquo;A28\u00a0 \u00e9tait initialement ind\u00e9termin\u00e9e. Selon la Direction interd\u00e9partementale des routes Nord-Ouest (Dirno), la circulation a finalement \u00e9t\u00e9 r\u00e9tablie normalement ce samedi matin. <br \/>\u00a0\n\t\t\t\t <\/p>\n","protected":false},"excerpt":{"rendered":"Sur place, les \u00e9quipes d\u2019intervention et de s\u00e9curit\u00e9 ont assur\u00e9 le balisage de la zone, la s\u00e9curisation de&hellip;\n","protected":false},"author":2,"featured_media":597735,"comment_status":"","ping_status":"","sticky":false,"template":"","format":"standard","meta":{"footnotes":""},"categories":[9587],"tags":[55064,119,1111,11,71044,1777,9770,674,118,1011,27,12,5161,10635,25,9590],"class_list":{"0":"post-597734","1":"post","2":"type-post","3":"status-publish","4":"format-standard","5":"has-post-thumbnail","7":"category-rouen","8":"tag-a28","9":"tag-accident","10":"tag-actu","11":"tag-actualites","12":"tag-boisney","13":"tag-eu","14":"tag-eure","15":"tag-europe","16":"tag-faits-divers","17":"tag-fr","18":"tag-france","19":"tag-news","20":"tag-normandie","21":"tag-poids-lourd","22":"tag-republique-francaise","23":"tag-rouen"},"share_on_mastodon":{"url":"https:\/\/pubeurope.com\/@fr\/115715282234065382","error":""},"_links":{"self":[{"href":"https:\/\/www.europesays.com\/fr\/wp-json\/wp\/v2\/posts\/597734","targetHints":{"allow":["GET"]}}],"collection":[{"href":"https:\/\/www.europesays.com\/fr\/wp-json\/wp\/v2\/posts"}],"about":[{"href":"https:\/\/www.europesays.com\/fr\/wp-json\/wp\/v2\/types\/post"}],"author":[{"embeddable":true,"href":"https:\/\/www.europesays.com\/fr\/wp-json\/wp\/v2\/users\/2"}],"replies":[{"embeddable":true,"href":"https:\/\/www.europesays.com\/fr\/wp-json\/wp\/v2\/comments?post=597734"}],"version-history":[{"count":0,"href":"https:\/\/www.europesays.com\/fr\/wp-json\/wp\/v2\/posts\/597734\/revisions"}],"wp:featuredmedia":[{"embeddable":true,"href":"https:\/\/www.europesays.com\/fr\/wp-json\/wp\/v2\/media\/597735"}],"wp:attachment":[{"href":"https:\/\/www.europesays.com\/fr\/wp-json\/wp\/v2\/media?parent=597734"}],"wp:term":[{"taxonomy":"category","embeddable":true,"href":"https:\/\/www.europesays.com\/fr\/wp-json\/wp\/v2\/categories?post=597734"},{"taxonomy":"post_tag","embeddable":true,"href":"https:\/\/www.europesays.com\/fr\/wp-json\/wp\/v2\/tags?post=597734"}],"curies":[{"name":"wp","href":"https:\/\/api.w.org\/{rel}","templated":true}]}}