{"id":597740,"date":"2025-12-14T01:20:25","date_gmt":"2025-12-14T01:20:25","guid":{"rendered":"https:\/\/www.europesays.com\/fr\/597740\/"},"modified":"2025-12-14T01:20:25","modified_gmt":"2025-12-14T01:20:25","slug":"etam-veut-rendre-plus-desirable-lexperience-client-la-marque-relooke-cinq-boutiques-3","status":"publish","type":"post","link":"https:\/\/www.europesays.com\/fr\/597740\/","title":{"rendered":"Etam veut \u00ab\u00a0rendre plus d\u00e9sirable l\u2019exp\u00e9rience client\u00a0\u00bb\u00a0: la marque relooke cinq boutiques"},"content":{"rendered":"<p>Des vitrines immenses pour happer les clients qui passent devant la boutique, des coloris et des mat\u00e9riaux sobres et qualitatifs pour mettre en valeur les collections de lingerie f\u00e9minine\u2026 C\u2019est une boutique totalement transform\u00e9e que les fid\u00e8les de l\u2019enseigne Etam red\u00e9couvrent depuis quelques jours dans le centre commercial Alma, au sud de Rennes (Ille-et-Vilaine).<\/p>\n<p><strong>\u00ab<\/strong> <strong>\u00a0C\u2019est plus qu\u2019une r\u00e9novation ou un r\u00e9agencement. Notre boutique du centre commercial Alma est l\u2019un des cinq magasins s\u00e9lectionn\u00e9s en France pour tester le futur Etam\u00a0\u00bb,<\/strong> explique C\u00e9line Wargnier, directrice marketing de la marque centenaire de lingerie fran\u00e7aise qui compte 310\u00a0boutiques au total sur le territoire, donc cinq dans la m\u00e9tropole rennaise. Au centre Alma, le magasin fait travailler huit salari\u00e9s.<\/p>\n<p>\t<img decoding=\"async\" src=\"https:\/\/www.europesays.com\/fr\/wp-content\/uploads\/2025\/12\/P35638051D7108161G_px_640_.jpg\" alt=\"photo laurent aubaux, dirigeant de l\u2019entreprise vertikal agencement, et c\u00e9line wargnier, directrice marketing du groupe etam, dans la boutique du centre commercial alma, \u00e0 rennes.  \u00a9  ouest-france\" width=\"640\" title=\" Laurent Aubaux, dirigeant de l\u2019entreprise Vertikal Agencement, et C\u00e9line Wargnier, directrice marketing du groupe Etam, dans la boutique du centre commercial Alma, \u00e0 Rennes.   Ouest-France \"\/><\/p>\n<p class=\"elmt-legende\"> Laurent Aubaux, dirigeant de l\u2019entreprise Vertikal Agencement, et C\u00e9line Wargnier, directrice marketing du groupe Etam, dans la boutique du centre commercial Alma, \u00e0 Rennes.   Ouest-France <\/p>\n<p>\t<img decoding=\"async\" src=\"https:\/\/www.europesays.com\/fr\/wp-content\/uploads\/2025\/12\/P35638052D7108161G_px_640_.jpg\" alt=\"photo install\u00e9e depuis tr\u00e8s longtemps dans l\u2019une des principales galeries du centre commercial alma, \u00e0 rennes (ille-et-vilaine), la lingerie etam vient de faire enti\u00e8rement peau neuve  \u00a9  ouest-france\" width=\"640\" title=\" Install\u00e9e depuis tr\u00e8s longtemps dans l\u2019une des principales galeries du centre commercial Alma, \u00e0 Rennes (Ille-et-Vilaine), la lingerie Etam vient de faire enti\u00e8rement peau neuve   Ouest-France \"\/><\/p>\n<p class=\"elmt-legende\"> Install\u00e9e depuis tr\u00e8s longtemps dans l\u2019une des principales galeries du centre commercial Alma, \u00e0 Rennes (Ille-et-Vilaine), la lingerie Etam vient de faire enti\u00e8rement peau neuve   Ouest-France <\/p>\n<p>\u00ab\u00a0Pour ce projet, nous avons s\u00e9lectionn\u00e9 les cinq \u00e9quipes les plus motiv\u00e9es dans le groupe. Outre Rennes Alma, ce test qui va durer tout au long du premier semestre 2026, est aussi men\u00e9 \u00e0 Cannes (Alpes-Maritimes), \u00e0 Montpellier (H\u00e9rault), \u00e0 Paris (dans le XVe\u00a0arrondissement) et au centre commercial Parly II, pr\u00e8s de Versailles (Yvelines)\u00a0\u00bb.<\/p>\n<p>C\u2019est <a href=\"https:\/\/vertikal-agencement.com\/\" target=\"_blank\" rel=\"noopener\">l\u2019entreprise sp\u00e9cialis\u00e9e Vertikal Agencement<\/a>, implant\u00e9e \u00e0 Dol-de-Bretagne (Ille-et-Vilaine) et Tr\u00e9morel (C\u00f4tes-d\u2019Armor) qui a enti\u00e8rement r\u00e9alis\u00e9 les travaux dans cette boutique offrant une surface de vente d\u2019environ 130\u00a0m\u00b2.\u00a0Parmi les nouveaut\u00e9s, il y a d\u00e9sormais un espace \u00ab\u00a0premium\u00a0\u00bb qui se d\u00e9marque par du mobilier en bois et une banquette confortable pour accueillir les clientes. <strong>\u00ab\u00a0L\u2019objectif est de mettre en valeur le savoir-faire en dentelle et broderie, soie et cachemire, de la marque Etam sur des gammes de produits un peu plus haut de gamme\u00a0\u00bb.<\/strong><\/p>\n<p>\u00a0<\/p>\n","protected":false},"excerpt":{"rendered":"Des vitrines immenses pour happer les clients qui passent devant la boutique, des coloris et des mat\u00e9riaux sobres&hellip;\n","protected":false},"author":2,"featured_media":597510,"comment_status":"","ping_status":"","sticky":false,"template":"","format":"standard","meta":{"footnotes":""},"categories":[2821],"tags":[1111,11,7228,829,18294,71022,57157,1777,674,6383,1011,27,12141,12,3086,38910,2035,584,25],"class_list":{"0":"post-597740","1":"post","2":"type-post","3":"status-publish","4":"format-standard","5":"has-post-thumbnail","7":"category-rennes","8":"tag-actu","9":"tag-actualites","10":"tag-boutiques","11":"tag-bretagne","12":"tag-client","13":"tag-desirable","14":"tag-etam","15":"tag-eu","16":"tag-europe","17":"tag-experience","18":"tag-fr","19":"tag-france","20":"tag-marque","21":"tag-news","22":"tag-redon","23":"tag-relooke","24":"tag-rendre","25":"tag-rennes","26":"tag-republique-francaise"},"share_on_mastodon":{"url":"https:\/\/pubeurope.com\/@fr\/115715298867632271","error":""},"_links":{"self":[{"href":"https:\/\/www.europesays.com\/fr\/wp-json\/wp\/v2\/posts\/597740","targetHints":{"allow":["GET"]}}],"collection":[{"href":"https:\/\/www.europesays.com\/fr\/wp-json\/wp\/v2\/posts"}],"about":[{"href":"https:\/\/www.europesays.com\/fr\/wp-json\/wp\/v2\/types\/post"}],"author":[{"embeddable":true,"href":"https:\/\/www.europesays.com\/fr\/wp-json\/wp\/v2\/users\/2"}],"replies":[{"embeddable":true,"href":"https:\/\/www.europesays.com\/fr\/wp-json\/wp\/v2\/comments?post=597740"}],"version-history":[{"count":0,"href":"https:\/\/www.europesays.com\/fr\/wp-json\/wp\/v2\/posts\/597740\/revisions"}],"wp:featuredmedia":[{"embeddable":true,"href":"https:\/\/www.europesays.com\/fr\/wp-json\/wp\/v2\/media\/597510"}],"wp:attachment":[{"href":"https:\/\/www.europesays.com\/fr\/wp-json\/wp\/v2\/media?parent=597740"}],"wp:term":[{"taxonomy":"category","embeddable":true,"href":"https:\/\/www.europesays.com\/fr\/wp-json\/wp\/v2\/categories?post=597740"},{"taxonomy":"post_tag","embeddable":true,"href":"https:\/\/www.europesays.com\/fr\/wp-json\/wp\/v2\/tags?post=597740"}],"curies":[{"name":"wp","href":"https:\/\/api.w.org\/{rel}","templated":true}]}}