{"id":597741,"date":"2025-12-14T01:21:16","date_gmt":"2025-12-14T01:21:16","guid":{"rendered":"https:\/\/www.europesays.com\/fr\/597741\/"},"modified":"2025-12-14T01:21:16","modified_gmt":"2025-12-14T01:21:16","slug":"football-r1-la-ta-rennes-solide-leader-apres-sa-victoire-contre-le-cpb-brequigny-sport","status":"publish","type":"post","link":"https:\/\/www.europesays.com\/fr\/597741\/","title":{"rendered":"Football &#8211; R1. La TA Rennes solide leader, apr\u00e8s sa victoire contre le CPB Br\u00e9quigny . Sport"},"content":{"rendered":"<p>Pour ce match de gala, les joueurs de K\u00e9vin Plantet recevaient ce samedi 13\u00a0d\u00e9cembre le Cercle Paul Br\u00e9quigny. Invaincus cette saison \u00e0 domicile, les T\u00e9atistes avaient \u00e0 c\u0153ur de finir l\u2019ann\u00e9e par une victoire dans un derby explosif. La premi\u00e8re mi-temps \u00e9tait rythm\u00e9e, la TA monopolisait le cuir et elle \u00e9tait r\u00e9compens\u00e9e de ses efforts. Sur un corner, Mathieu Pothet sautait plus haut que tout le monde et, d\u2019une t\u00eate d\u00e9crois\u00e9e, venait trouver le petit filet d\u2019Udin, qui ne pouvait rien (1-0, 33\u2019). Une c\u00e9l\u00e9bration que le grand d\u00e9fenseur central venait partager avec son entra\u00eeneur et les rempla\u00e7ants. <strong>\u00ab\u00a0On est content pour lui, cela r\u00e9compense le travail des coups de pied arr\u00eat\u00e9 aux entrainements\u00a0\u00bb<\/strong>, note Kevin Plantet, le coach local.<\/p>\n<p>\u00ab\u00a0On a su concr\u00e9tiser nos occasions\u00a0\u00bb<\/p>\n<p>Intenable devant, Caroff \u00e9tait tout proche de scorer (22\u2019, 37\u2019).\u00a0\u00c0 la reprise, ce sont les joueurs de Br\u00e9quigny qui ont augment\u00e9 le curseur. <strong>\u00ab\u00a0Ils ont vraiment fait une bonne seconde p\u00e9riode, on a eu du mal \u00e0 ressortir les ballons et on a eu moins de ma\u00eetrises techniques. N\u00e9anmoins, on a su concr\u00e9tiser nos occasions pour faire la diff\u00e9rence\u00a0\u00bb<\/strong>, souligne Plantet. C\u2019est contre le cours du jeu que la TA Rennes doublait la mise par l\u2019interm\u00e9diaire de Balzan-Riascos, tr\u00e8s remuant sur son couloir (2-0, 66\u2019).<\/p>\n<p>De son c\u00f4t\u00e9, Br\u00e9quigny \u00e9tait plus pr\u00e9sent dans les duels et montrait un tout autre visage, un jeu plaisant, mais sans r\u00e9ellement mettre en difficult\u00e9 le portier de la TA, Bouillennec. <strong>\u00ab\u00a0C\u2019est la diff\u00e9rence entre une \u00e9quipe mature et une jeunesse qui fait pleins de belles choses mais trop souvent d\u00e9sordonn\u00e9. Je suis tout de m\u00eame fier de mes joueurs sur la prestation d\u2019ensemble\u00a0\u00bb<\/strong>, reconna\u00eet\u00a0Benoit Aur\u00e9art, le coach visiteur.<\/p>\n<p>En toute fin de match, Morgann Le Roux venait alourdir le score, l\u2019attaquant de la TA, parti \u00e0 la limite du hors-jeu, fusillait de pr\u00e8s\u00a0Udin, impuissant (3-0, 93\u2019). Les joueurs de la TA terminent l\u2019ann\u00e9e par une dixi\u00e8me victoire et un fauteuil de leader solidement accroch\u00e9.<\/p>\n<p><strong>TA RENNES &#8211; CPB BREQUIGNY\u00a0: 3-0<\/strong> (1-0)<\/p>\n<p>Arbitre. M. Brule.<\/p>\n<p><strong>BUTS.<\/strong>\u00a0Pothet (33\u2019), Balzan-Riascos (66\u2019), Le Roux (90\u2019+3).<\/p>\n<p><strong>AVERTISSEMENTS.<\/strong> CPB Br\u00e9quigny\u00a0: Portier (28\u2019), Jalouin (41\u2019).<\/p>\n<p>\u00a0<\/p>\n","protected":false},"excerpt":{"rendered":"Pour ce match de gala, les joueurs de K\u00e9vin Plantet recevaient ce samedi 13\u00a0d\u00e9cembre le Cercle Paul Br\u00e9quigny.&hellip;\n","protected":false},"author":2,"featured_media":597742,"comment_status":"","ping_status":"","sticky":false,"template":"","format":"standard","meta":{"footnotes":""},"categories":[2821],"tags":[1111,11,3809,1465,829,1777,674,63,1011,27,1792,1922,12,584,25,479,3728,517,1470],"class_list":{"0":"post-597741","1":"post","2":"type-post","3":"status-publish","4":"format-standard","5":"has-post-thumbnail","7":"category-rennes","8":"tag-actu","9":"tag-actualites","10":"tag-ball","11":"tag-basket","12":"tag-bretagne","13":"tag-eu","14":"tag-europe","15":"tag-football","16":"tag-fr","17":"tag-france","18":"tag-handball","19":"tag-info","20":"tag-news","21":"tag-rennes","22":"tag-republique-francaise","23":"tag-rugby","24":"tag-saint-malo","25":"tag-sport","26":"tag-volley"},"share_on_mastodon":{"url":"https:\/\/pubeurope.com\/@fr\/115715301923705553","error":""},"_links":{"self":[{"href":"https:\/\/www.europesays.com\/fr\/wp-json\/wp\/v2\/posts\/597741","targetHints":{"allow":["GET"]}}],"collection":[{"href":"https:\/\/www.europesays.com\/fr\/wp-json\/wp\/v2\/posts"}],"about":[{"href":"https:\/\/www.europesays.com\/fr\/wp-json\/wp\/v2\/types\/post"}],"author":[{"embeddable":true,"href":"https:\/\/www.europesays.com\/fr\/wp-json\/wp\/v2\/users\/2"}],"replies":[{"embeddable":true,"href":"https:\/\/www.europesays.com\/fr\/wp-json\/wp\/v2\/comments?post=597741"}],"version-history":[{"count":0,"href":"https:\/\/www.europesays.com\/fr\/wp-json\/wp\/v2\/posts\/597741\/revisions"}],"wp:featuredmedia":[{"embeddable":true,"href":"https:\/\/www.europesays.com\/fr\/wp-json\/wp\/v2\/media\/597742"}],"wp:attachment":[{"href":"https:\/\/www.europesays.com\/fr\/wp-json\/wp\/v2\/media?parent=597741"}],"wp:term":[{"taxonomy":"category","embeddable":true,"href":"https:\/\/www.europesays.com\/fr\/wp-json\/wp\/v2\/categories?post=597741"},{"taxonomy":"post_tag","embeddable":true,"href":"https:\/\/www.europesays.com\/fr\/wp-json\/wp\/v2\/tags?post=597741"}],"curies":[{"name":"wp","href":"https:\/\/api.w.org\/{rel}","templated":true}]}}