{"id":597743,"date":"2025-12-14T01:22:14","date_gmt":"2025-12-14T01:22:14","guid":{"rendered":"https:\/\/www.europesays.com\/fr\/597743\/"},"modified":"2025-12-14T01:22:14","modified_gmt":"2025-12-14T01:22:14","slug":"strasbourg-alerte-a-la-bombe-a-la-grande-mosquee-2","status":"publish","type":"post","link":"https:\/\/www.europesays.com\/fr\/597743\/","title":{"rendered":"Strasbourg. Alerte \u00e0 la bombe \u00e0 la grande mosqu\u00e9e"},"content":{"rendered":"<p>Les cyclistes et les automobilistes rebroussaient chemin en arrivant sur le pont du Heyritz, ce samedi 13\u00a0d\u00e9cembre, bloqu\u00e9s par les rubalises de la police et les agents de la s\u00e9curit\u00e9 civile.<\/p>\n<p>  Le quartier boucl\u00e9 pendant deux heures<\/p>\n<p>Pendant plus de deux heures, le quartier de la grande mosqu\u00e9e \u00e9tait inaccessible en raison d\u2019une alerte \u00e0 la bombe.<\/p>\n<p>D\u00e8s 10\u00a0h, les policiers ont proc\u00e9d\u00e9 \u00e0 une lev\u00e9e de doute \u00e0 l\u2019int\u00e9rieur de la grande mosqu\u00e9e, suite \u00e0 un signalement anonyme, laiss\u00e9 sur la plateforme en ligne du commissariat.<\/p>\n<p>Selon nos informations, le message suspect faisait \u00e9tat de la pr\u00e9sence d\u2019une bombe \u00e0 l\u2019int\u00e9rieur de la mosqu\u00e9e qui exploserait ce samedi 13\u00a0d\u00e9cembre vers 12\u00a0h.<\/p>\n<p>  La pri\u00e8re de 12\u00a0h\u00a030 annul\u00e9e<\/p>\n<p>Les d\u00e9mineurs \u00e9taient sur place avec un chien d\u00e9minage explosion de la police.<\/p>\n<p>Par s\u00e9curit\u00e9, la pri\u00e8re de 12\u00a0h\u00a030 a \u00e9t\u00e9 annul\u00e9e, confirmait Sa\u00efd Aalla, le pr\u00e9sident de la grande mosqu\u00e9e.<\/p>\n<p>L\u2019\u00e9difice est rest\u00e9 ferm\u00e9 jusqu\u2019\u00e0 la lev\u00e9e du dispositif, survenue vers 12\u00a0h\u00a045.<\/p>\n<p>La circulation a repris dans la foul\u00e9e et \u00e0 13\u00a0h, les fid\u00e8les pouvaient \u00e0 nouveau se rendre \u00e0 la mosqu\u00e9e.<\/p>\n","protected":false},"excerpt":{"rendered":"Les cyclistes et les automobilistes rebroussaient chemin en arrivant sur le pont du Heyritz, ce samedi 13\u00a0d\u00e9cembre, bloqu\u00e9s&hellip;\n","protected":false},"author":2,"featured_media":596812,"comment_status":"","ping_status":"","sticky":false,"template":"","format":"standard","meta":{"footnotes":""},"categories":[2820],"tags":[1111,11,2389,2649,2880,1777,674,274,107,1011,27,775,12,25,640],"class_list":{"0":"post-597743","1":"post","2":"type-post","3":"status-publish","4":"format-standard","5":"has-post-thumbnail","7":"category-strasbourg","8":"tag-actu","9":"tag-actualites","10":"tag-alsace","11":"tag-bas-rhin","12":"tag-edition-strasbourg","13":"tag-eu","14":"tag-europe","15":"tag-faits-divers-justice","16":"tag-fil-info","17":"tag-fr","18":"tag-france","19":"tag-grand-est","20":"tag-news","21":"tag-republique-francaise","22":"tag-strasbourg"},"share_on_mastodon":{"url":"https:\/\/pubeurope.com\/@fr\/115715305873737500","error":""},"_links":{"self":[{"href":"https:\/\/www.europesays.com\/fr\/wp-json\/wp\/v2\/posts\/597743","targetHints":{"allow":["GET"]}}],"collection":[{"href":"https:\/\/www.europesays.com\/fr\/wp-json\/wp\/v2\/posts"}],"about":[{"href":"https:\/\/www.europesays.com\/fr\/wp-json\/wp\/v2\/types\/post"}],"author":[{"embeddable":true,"href":"https:\/\/www.europesays.com\/fr\/wp-json\/wp\/v2\/users\/2"}],"replies":[{"embeddable":true,"href":"https:\/\/www.europesays.com\/fr\/wp-json\/wp\/v2\/comments?post=597743"}],"version-history":[{"count":0,"href":"https:\/\/www.europesays.com\/fr\/wp-json\/wp\/v2\/posts\/597743\/revisions"}],"wp:featuredmedia":[{"embeddable":true,"href":"https:\/\/www.europesays.com\/fr\/wp-json\/wp\/v2\/media\/596812"}],"wp:attachment":[{"href":"https:\/\/www.europesays.com\/fr\/wp-json\/wp\/v2\/media?parent=597743"}],"wp:term":[{"taxonomy":"category","embeddable":true,"href":"https:\/\/www.europesays.com\/fr\/wp-json\/wp\/v2\/categories?post=597743"},{"taxonomy":"post_tag","embeddable":true,"href":"https:\/\/www.europesays.com\/fr\/wp-json\/wp\/v2\/tags?post=597743"}],"curies":[{"name":"wp","href":"https:\/\/api.w.org\/{rel}","templated":true}]}}