{"id":597744,"date":"2025-12-14T01:23:15","date_gmt":"2025-12-14T01:23:15","guid":{"rendered":"https:\/\/www.europesays.com\/fr\/597744\/"},"modified":"2025-12-14T01:23:15","modified_gmt":"2025-12-14T01:23:15","slug":"previsions-du-dimanche-14-decembre-2025-2","status":"publish","type":"post","link":"https:\/\/www.europesays.com\/fr\/597744\/","title":{"rendered":"pr\u00e9visions du dimanche 14 d\u00e9cembre 2025"},"content":{"rendered":"<p>Il fera environ 6\u00b0C \u00e0 Strasbourg, aujourd&rsquo;hui. Un modeste vent de sud sera ressenti par les habitants. Le ciel va s&rsquo;\u00e9claircir au cours de la matin\u00e9e. Il va faire 4\u00b0C en moyenne. Cet apr\u00e8s-midi rimera avec grand soleil. Les maximales iront jusqu&rsquo;\u00e0 8\u00b0C alors que les minimales seront de 5\u00b0C. Des \u00e9claircies feront leur apparition dans la soir\u00e9e. Les temp\u00e9ratures s&rsquo;\u00e9chelonneront entre 4 et 5\u00b0C. Durant la nuit de dimanche \u00e0 lundi, le ciel sera limpide.<\/p>\n<p>Les Strasbourgeois vont avoir froid demain : les temp\u00e9ratures ne vont pas d\u00e9passer 9\u00b0C. Strasbourg se retrouvera sous des valeurs avoisinant 6\u00b0C. Un vent de sud rafra\u00eechira sensiblement l&rsquo;atmosph\u00e8re. Le matin, le vent va progressivement \u00e9loigner les nuages. Les temp\u00e9ratures afficheront entre 3 et 7\u00b0C. L&rsquo;apr\u00e8s-midi qui s&rsquo;annonce, promet d&rsquo;\u00eatre superbe et ensoleill\u00e9 ! Les valeurs seront comprises entre 6 et 9\u00b0C. La ville aura quelques \u00e9claircies demain soir.<\/p>\n<p>Le temps restera stable les jours \u00e0 venir. Il fera 7\u00b0C en moyenne pour des journ\u00e9es avec une m\u00e9t\u00e9o ensoleill\u00e9e.<\/p>\n<p><\/p>\n","protected":false},"excerpt":{"rendered":"Il fera environ 6\u00b0C \u00e0 Strasbourg, aujourd&rsquo;hui. Un modeste vent de sud sera ressenti par les habitants. Le&hellip;\n","protected":false},"author":2,"featured_media":597745,"comment_status":"","ping_status":"","sticky":false,"template":"","format":"standard","meta":{"footnotes":""},"categories":[2820],"tags":[1111,11,1777,674,1011,27,775,12,2119,25,640],"class_list":{"0":"post-597744","1":"post","2":"type-post","3":"status-publish","4":"format-standard","5":"has-post-thumbnail","7":"category-strasbourg","8":"tag-actu","9":"tag-actualites","10":"tag-eu","11":"tag-europe","12":"tag-fr","13":"tag-france","14":"tag-grand-est","15":"tag-news","16":"tag-previsions-meteo","17":"tag-republique-francaise","18":"tag-strasbourg"},"share_on_mastodon":{"url":"https:\/\/pubeurope.com\/@fr\/115715309800924212","error":""},"_links":{"self":[{"href":"https:\/\/www.europesays.com\/fr\/wp-json\/wp\/v2\/posts\/597744","targetHints":{"allow":["GET"]}}],"collection":[{"href":"https:\/\/www.europesays.com\/fr\/wp-json\/wp\/v2\/posts"}],"about":[{"href":"https:\/\/www.europesays.com\/fr\/wp-json\/wp\/v2\/types\/post"}],"author":[{"embeddable":true,"href":"https:\/\/www.europesays.com\/fr\/wp-json\/wp\/v2\/users\/2"}],"replies":[{"embeddable":true,"href":"https:\/\/www.europesays.com\/fr\/wp-json\/wp\/v2\/comments?post=597744"}],"version-history":[{"count":0,"href":"https:\/\/www.europesays.com\/fr\/wp-json\/wp\/v2\/posts\/597744\/revisions"}],"wp:featuredmedia":[{"embeddable":true,"href":"https:\/\/www.europesays.com\/fr\/wp-json\/wp\/v2\/media\/597745"}],"wp:attachment":[{"href":"https:\/\/www.europesays.com\/fr\/wp-json\/wp\/v2\/media?parent=597744"}],"wp:term":[{"taxonomy":"category","embeddable":true,"href":"https:\/\/www.europesays.com\/fr\/wp-json\/wp\/v2\/categories?post=597744"},{"taxonomy":"post_tag","embeddable":true,"href":"https:\/\/www.europesays.com\/fr\/wp-json\/wp\/v2\/tags?post=597744"}],"curies":[{"name":"wp","href":"https:\/\/api.w.org\/{rel}","templated":true}]}}