{"id":597749,"date":"2025-12-14T01:26:22","date_gmt":"2025-12-14T01:26:22","guid":{"rendered":"https:\/\/www.europesays.com\/fr\/597749\/"},"modified":"2025-12-14T01:26:22","modified_gmt":"2025-12-14T01:26:22","slug":"self-tissus-a-ferme-definitivement-ses-portes","status":"publish","type":"post","link":"https:\/\/www.europesays.com\/fr\/597749\/","title":{"rendered":"Self tissus a ferm\u00e9 d\u00e9finitivement ses portes"},"content":{"rendered":"<p>                            <strong>L\u2019enseigne plac\u00e9e en liquidation judiciaire au mois d\u2019octobre dernier avait 3 mois pour faire ses preuves. Il semble que cela n\u2019ait pas suffit.<\/strong><\/p>\n<p class=\"p1\">Un message post\u00e9 sur les r\u00e9seaux sociaux. Et notamment sur la page Facebook de l\u2019enseigne Self Tissus \u00e0 Vertou ce vendredi vient sonner la fin de l\u2019aventure. Dans un post nomm\u00e9 bri\u00e8vement \u00ab\u00a0information magasin\u00a0\u00bb l\u2019\u00e9quipe y partage la fermeture de la boutique non pas sans \u00e9motion \u00ab\u00a0aujourd\u2019hui une page se tourne, votre magasin a d\u00e9finitivement ferm\u00e9 ses portes aujourd\u2019hui 12 d\u00e9cembre\u00a0\u00bb<\/p>\n<p class=\"p1\">L\u2019enseigne sp\u00e9cialiste dans les articles de mercerie, machines \u00e0 coudre et tissus, proposant \u00e9galement des cours de couture a \u00e9t\u00e9 cr\u00e9\u00e9e il y a 40 ans \u00e0 Quimper. Apr\u00e8s un premier destockage r\u00e9alis\u00e9 <strong><a href=\"https:\/\/hellogazettenantes.fr\/info-eco-la-liquidation-judiciaire-prononcee-pour-lenseigne-self-tissus\/\" target=\"_blank\" rel=\"noopener\">en octobre<\/a><\/strong> \u00e0 l\u2019annonce de la liquidation judiciaire, la boutique avait ferm\u00e9 bri\u00e8vement ses portes quelques jours, avant une r\u00e9ouverture. Elle a baiss\u00e9 ce vendredi soir d\u00e9finitivement le rideau.<\/p>\n<p>            <img decoding=\"async\" alt=\"Advertisement\" src=\"data:image\/svg+xml,%3Csvg%20xmlns=\" http:=\"\" data-lazy-src=\"https:\/\/www.europesays.com\/fr\/wp-content\/uploads\/2025\/04\/Application-mobile-hello-gazette-nantes.gif\"\/>        &#13;<\/p>\n","protected":false},"excerpt":{"rendered":"L\u2019enseigne plac\u00e9e en liquidation judiciaire au mois d\u2019octobre dernier avait 3 mois pour faire ses preuves. Il semble&hellip;\n","protected":false},"author":2,"featured_media":597750,"comment_status":"","ping_status":"","sticky":false,"template":"","format":"standard","meta":{"footnotes":""},"categories":[2818],"tags":[1111,11,1777,674,1011,27,766,12,2636,25],"class_list":{"0":"post-597749","1":"post","2":"type-post","3":"status-publish","4":"format-standard","5":"has-post-thumbnail","7":"category-nantes","8":"tag-actu","9":"tag-actualites","10":"tag-eu","11":"tag-europe","12":"tag-fr","13":"tag-france","14":"tag-nantes","15":"tag-news","16":"tag-pays-de-la-loire","17":"tag-republique-francaise"},"share_on_mastodon":{"url":"https:\/\/pubeurope.com\/@fr\/115715321714778646","error":""},"_links":{"self":[{"href":"https:\/\/www.europesays.com\/fr\/wp-json\/wp\/v2\/posts\/597749","targetHints":{"allow":["GET"]}}],"collection":[{"href":"https:\/\/www.europesays.com\/fr\/wp-json\/wp\/v2\/posts"}],"about":[{"href":"https:\/\/www.europesays.com\/fr\/wp-json\/wp\/v2\/types\/post"}],"author":[{"embeddable":true,"href":"https:\/\/www.europesays.com\/fr\/wp-json\/wp\/v2\/users\/2"}],"replies":[{"embeddable":true,"href":"https:\/\/www.europesays.com\/fr\/wp-json\/wp\/v2\/comments?post=597749"}],"version-history":[{"count":0,"href":"https:\/\/www.europesays.com\/fr\/wp-json\/wp\/v2\/posts\/597749\/revisions"}],"wp:featuredmedia":[{"embeddable":true,"href":"https:\/\/www.europesays.com\/fr\/wp-json\/wp\/v2\/media\/597750"}],"wp:attachment":[{"href":"https:\/\/www.europesays.com\/fr\/wp-json\/wp\/v2\/media?parent=597749"}],"wp:term":[{"taxonomy":"category","embeddable":true,"href":"https:\/\/www.europesays.com\/fr\/wp-json\/wp\/v2\/categories?post=597749"},{"taxonomy":"post_tag","embeddable":true,"href":"https:\/\/www.europesays.com\/fr\/wp-json\/wp\/v2\/tags?post=597749"}],"curies":[{"name":"wp","href":"https:\/\/api.w.org\/{rel}","templated":true}]}}