{"id":597755,"date":"2025-12-14T01:30:15","date_gmt":"2025-12-14T01:30:15","guid":{"rendered":"https:\/\/www.europesays.com\/fr\/597755\/"},"modified":"2025-12-14T01:30:15","modified_gmt":"2025-12-14T01:30:15","slug":"previsions-du-dimanche-14-decembre-2025-3","status":"publish","type":"post","link":"https:\/\/www.europesays.com\/fr\/597755\/","title":{"rendered":"pr\u00e9visions du dimanche 14 d\u00e9cembre 2025"},"content":{"rendered":"<p>Le soleil sera au rendez-vous \u00e0 Bordeaux : une magnifique journ\u00e9e se profile ! Il va faire 11\u00b0C en moyenne. Un vent de sud-est soufflera doucement. Il fera en moyenne 9\u00b0C, le matin. Les valeurs seront comprises entre 10 et 14\u00b0C durant l&rsquo;apr\u00e8s-midi. Le ciel va s&rsquo;\u00e9claircir au cours de la soir\u00e9e. Les temp\u00e9ratures tourneront autour des 9\u00b0C. Durant votre sommeil, dans la nuit de dimanche \u00e0 lundi, le ciel sera clair.<\/p>\n<p>La ville de Bordeaux profitera de quelques \u00e9claircies demain. Les temp\u00e9ratures s&rsquo;\u00e9chelonneront entre 7 et 15\u00b0C. Une l\u00e9g\u00e8re brise de sud-est sera ressentie par les habitants. Une m\u00e9t\u00e9o plus chaude est \u00e0 pr\u00e9voir demain apr\u00e8s-midi puisque le mercure va enregistrer une l\u00e9g\u00e8re hausse. Les valeurs afficheront entre 11\u00b0C et 15\u00b0C. Des \u00e9claircies sont pr\u00e9vues : on passera une soir\u00e9e cl\u00e9mente.<\/p>\n<p>Les jours suivants s&rsquo;annoncent similaires. Une m\u00e9t\u00e9o ensoleill\u00e9e, pour des temp\u00e9ratures de 12\u00b0C environ, est pr\u00e9vue.<\/p>\n<p><\/p>\n","protected":false},"excerpt":{"rendered":"Le soleil sera au rendez-vous \u00e0 Bordeaux : une magnifique journ\u00e9e se profile ! Il va faire 11\u00b0C&hellip;\n","protected":false},"author":2,"featured_media":597756,"comment_status":"","ping_status":"","sticky":false,"template":"","format":"standard","meta":{"footnotes":""},"categories":[2817],"tags":[1111,11,1997,1777,674,1011,27,12,2219,2119,25],"class_list":{"0":"post-597755","1":"post","2":"type-post","3":"status-publish","4":"format-standard","5":"has-post-thumbnail","7":"category-bordeaux","8":"tag-actu","9":"tag-actualites","10":"tag-bordeaux","11":"tag-eu","12":"tag-europe","13":"tag-fr","14":"tag-france","15":"tag-news","16":"tag-nouvelle-aquitaine","17":"tag-previsions-meteo","18":"tag-republique-francaise"},"share_on_mastodon":{"url":"https:\/\/pubeurope.com\/@fr\/115715337534924314","error":""},"_links":{"self":[{"href":"https:\/\/www.europesays.com\/fr\/wp-json\/wp\/v2\/posts\/597755","targetHints":{"allow":["GET"]}}],"collection":[{"href":"https:\/\/www.europesays.com\/fr\/wp-json\/wp\/v2\/posts"}],"about":[{"href":"https:\/\/www.europesays.com\/fr\/wp-json\/wp\/v2\/types\/post"}],"author":[{"embeddable":true,"href":"https:\/\/www.europesays.com\/fr\/wp-json\/wp\/v2\/users\/2"}],"replies":[{"embeddable":true,"href":"https:\/\/www.europesays.com\/fr\/wp-json\/wp\/v2\/comments?post=597755"}],"version-history":[{"count":0,"href":"https:\/\/www.europesays.com\/fr\/wp-json\/wp\/v2\/posts\/597755\/revisions"}],"wp:featuredmedia":[{"embeddable":true,"href":"https:\/\/www.europesays.com\/fr\/wp-json\/wp\/v2\/media\/597756"}],"wp:attachment":[{"href":"https:\/\/www.europesays.com\/fr\/wp-json\/wp\/v2\/media?parent=597755"}],"wp:term":[{"taxonomy":"category","embeddable":true,"href":"https:\/\/www.europesays.com\/fr\/wp-json\/wp\/v2\/categories?post=597755"},{"taxonomy":"post_tag","embeddable":true,"href":"https:\/\/www.europesays.com\/fr\/wp-json\/wp\/v2\/tags?post=597755"}],"curies":[{"name":"wp","href":"https:\/\/api.w.org\/{rel}","templated":true}]}}