{"id":597761,"date":"2025-12-14T01:34:13","date_gmt":"2025-12-14T01:34:13","guid":{"rendered":"https:\/\/www.europesays.com\/fr\/597761\/"},"modified":"2025-12-14T01:34:13","modified_gmt":"2025-12-14T01:34:13","slug":"previsions-du-dimanche-14-decembre-2025-4","status":"publish","type":"post","link":"https:\/\/www.europesays.com\/fr\/597761\/","title":{"rendered":"pr\u00e9visions du dimanche 14 d\u00e9cembre 2025"},"content":{"rendered":"<p>Aujourd&rsquo;hui, un ciel avec des \u00e9claircies va progressivement se substituer aux nuages \u00e0 Lille. Le mercure affichera 8\u00b0C en moyenne. Un l\u00e9ger vent de sud sera ressenti par les habitants. La matin\u00e9e aura lieu dans le brouillard. Les temp\u00e9ratures avoisineront les 6\u00b0C. Les valeurs afficheront entre 8 et 10\u00b0C l&rsquo;apr\u00e8s-midi. La ville aura quelques \u00e9claircies le soir. Le passage de dimanche \u00e0 lundi s&rsquo;effectuera sous un ciel clair.<\/p>\n<p>Le ciel de Lille sera assez lumineux, avec quelques \u00e9claircies demain. Il va faire environ 8\u00b0C. Un vent de sud soufflera \u00e0 20 km\/h. Les temp\u00e9ratures s&rsquo;\u00e9chelonneront entre 6 et 9\u00b0C pendant la matin\u00e9e. Les valeurs seront comprises entre 9\u00b0C et 10\u00b0C dans l&rsquo;apr\u00e8s-midi. Le ciel va s&rsquo;\u00e9claircir au cours de la soir\u00e9e.<\/p>\n<p>Le temps des jours suivants va \u00e9voluer peu \u00e0 peu. M\u00eame si le beau temps se maintiendra un peu mardi, il faut s&rsquo;attendre \u00e0 une d\u00e9gradation par la suite.<\/p>\n<p><\/p>\n","protected":false},"excerpt":{"rendered":"Aujourd&rsquo;hui, un ciel avec des \u00e9claircies va progressivement se substituer aux nuages \u00e0 Lille. Le mercure affichera 8\u00b0C&hellip;\n","protected":false},"author":2,"featured_media":597762,"comment_status":"","ping_status":"","sticky":false,"template":"","format":"standard","meta":{"footnotes":""},"categories":[2815],"tags":[1111,11,1777,674,1011,27,811,1307,12,2119,25],"class_list":{"0":"post-597761","1":"post","2":"type-post","3":"status-publish","4":"format-standard","5":"has-post-thumbnail","7":"category-lille","8":"tag-actu","9":"tag-actualites","10":"tag-eu","11":"tag-europe","12":"tag-fr","13":"tag-france","14":"tag-hauts-de-france","15":"tag-lille","16":"tag-news","17":"tag-previsions-meteo","18":"tag-republique-francaise"},"share_on_mastodon":{"url":"https:\/\/pubeurope.com\/@fr\/115715353170752114","error":""},"_links":{"self":[{"href":"https:\/\/www.europesays.com\/fr\/wp-json\/wp\/v2\/posts\/597761","targetHints":{"allow":["GET"]}}],"collection":[{"href":"https:\/\/www.europesays.com\/fr\/wp-json\/wp\/v2\/posts"}],"about":[{"href":"https:\/\/www.europesays.com\/fr\/wp-json\/wp\/v2\/types\/post"}],"author":[{"embeddable":true,"href":"https:\/\/www.europesays.com\/fr\/wp-json\/wp\/v2\/users\/2"}],"replies":[{"embeddable":true,"href":"https:\/\/www.europesays.com\/fr\/wp-json\/wp\/v2\/comments?post=597761"}],"version-history":[{"count":0,"href":"https:\/\/www.europesays.com\/fr\/wp-json\/wp\/v2\/posts\/597761\/revisions"}],"wp:featuredmedia":[{"embeddable":true,"href":"https:\/\/www.europesays.com\/fr\/wp-json\/wp\/v2\/media\/597762"}],"wp:attachment":[{"href":"https:\/\/www.europesays.com\/fr\/wp-json\/wp\/v2\/media?parent=597761"}],"wp:term":[{"taxonomy":"category","embeddable":true,"href":"https:\/\/www.europesays.com\/fr\/wp-json\/wp\/v2\/categories?post=597761"},{"taxonomy":"post_tag","embeddable":true,"href":"https:\/\/www.europesays.com\/fr\/wp-json\/wp\/v2\/tags?post=597761"}],"curies":[{"name":"wp","href":"https:\/\/api.w.org\/{rel}","templated":true}]}}