{"id":597763,"date":"2025-12-14T01:35:15","date_gmt":"2025-12-14T01:35:15","guid":{"rendered":"https:\/\/www.europesays.com\/fr\/597763\/"},"modified":"2025-12-14T01:35:15","modified_gmt":"2025-12-14T01:35:15","slug":"patinoire-spectacle-feerique-jean-pierre-papin-a-marseille-top-depart-pour-deux-week-ends-de-festivites-de-noel","status":"publish","type":"post","link":"https:\/\/www.europesays.com\/fr\/597763\/","title":{"rendered":"Patinoire, spectacle f\u00e9erique, Jean-Pierre Papin \u00e0 Marseille&#8230; top d\u00e9part pour deux week-ends de festivit\u00e9s de No\u00ebl"},"content":{"rendered":"<p>Le No\u00ebl marseillais, <a href=\"https:\/\/www.laprovence.com\/article\/region\/4441657481352414\/patinoire-piste-de-luge-show-aerien-lesprit-de-noel-souffle-sur-le-vieux-port-de-marseille\" target=\"_blank\" rel=\"noopener\">programme d\u2019animation des f\u00eates de fin d\u2019ann\u00e9e de la Ville de Marseille<\/a>, a connu un moment fort ce samedi 13\u00a0d\u00e9cembre.<\/p>\n<p>La piste de luge et la patinoire inaugur\u00e9es<\/p>\n<p>\u00ab\u00a0Les gens ont besoin de bonheur et de rel\u00e2cher.\u00a0\u00bb Samia Ghali (DVG) \u00e9tait tout sourire, ce samedi\u00a013 au matin, pour inaugurer la <a href=\"https:\/\/www.laprovence.com\/article\/region\/6347625367660814\/patinoire-spectacle-de-drones-village-des-enfants-le-programme-du-noel-marseillais-2025\" target=\"_blank\" rel=\"noopener\">patinoire \u00e9ph\u00e9m\u00e8re<\/a> sur le quai des Belges. La maire adjointe de Marseille a coup\u00e9 le ruban bleu et blanc entour\u00e9e d\u2019une dizaine d\u2019enfants qui avaient interrompu leurs arabesques pour l\u2019occasion. Vendredi soir, la piste de luge a \u00e9galement \u00e9t\u00e9 ouverte au public, agr\u00e9ment\u00e9e de distribution de chocolat chaud avec la possibilit\u00e9 pour les plus petits de repartir avec un maquillage. Les deux attractions sont ouvertes tous les jours de 10h \u00e0 19h et jusqu\u2019\u00e0 20h les vendredis et samedis jusqu\u2019au dimanche 4\u00a0janvier. \u00c0 noter que ce week-end et les 20 et 21\u00a0d\u00e9cembre, la place Castellane et le parvis de l\u2019Op\u00e9ra accueilleront un village des enfants avec de nombreuses animations au programme.<\/p>\n<p><img alt=\"La patinoire \u00e9ph\u00e9m\u00e8re a \u00e9t\u00e9 inaugur\u00e9e par la maire adjointe Samia Ghali.\" loading=\"lazy\" decoding=\"async\" data-nimg=\"fill\" class=\" TwicCore_img__i9TC1 undefined  undefined\" style=\"position:absolute;height:100%;width:100%;left:0;top:0;right:0;bottom:0;color:transparent;background-size:cover;background-position:50% 50%;background-repeat:no-repeat;background-image:url(&quot;data:image\/svg+xml;charset=utf-8,%3Csvg xmlns='http:\/\/www.w3.org\/2000\/svg' %3E%3Cfilter id='b' color-interpolation-filters='sRGB'%3E%3CfeGaussianBlur stdDeviation='20'\/%3E%3CfeColorMatrix values='1 0 0 0 0 0 1 0 0 0 0 0 1 0 0 0 0 0 100 -1' result='s'\/%3E%3CfeFlood x='0' y='0' width='100%25' height='100%25'\/%3E%3CfeComposite operator='out' in='s'\/%3E%3CfeComposite in2='SourceGraphic'\/%3E%3CfeGaussianBlur stdDeviation='20'\/%3E%3C\/filter%3E%3Cimage width='100%25' height='100%25' x='0' y='0' preserveAspectRatio='none' style='filter: url(%23b);' href='https:\/\/pictures.laprovence.com\/cdn-cgi\/image\/blur=250\/media\/melody\/2025\/12\/13\/inauguration-de-la-patinoire-ephemere-quai-de-la-fraternite-131225dtt01-1765655334_51c7cc4b7d39645c7cc4b7d3919c7cv_.jpg'\/%3E%3C\/svg%3E&quot;)\"   src=\"https:\/\/www.europesays.com\/fr\/wp-content\/uploads\/2025\/12\/inauguration-de-la-patinoire-ephemere-quai-de-la-fraternite-131225dtt01-1765655334_51c7cc4b7d39645c7.jpeg\"\/>La patinoire \u00e9ph\u00e9m\u00e8re a \u00e9t\u00e9 inaugur\u00e9e par la maire adjointe Samia Ghali. \/ PHOTO DENIS THAUSTJean-Pierre Papin, un santon et des souvenirs<\/p>\n<p>L\u2019ancien avant-centre olympien \u00e9tait la vedette de la Foire aux santons, ce samedi en fin de matin\u00e9e. Et pour cause\u00a0: cette ann\u00e9e, l\u2019atelier Jacques-Flore a cr\u00e9\u00e9 <a href=\"https:\/\/www.laprovence.com\/article\/region\/94492148015118\/foire-aux-santons-de-marseille-jean-pierre-papin-se-fait-une-place-dans-la-creche-avec-sa-figurine-dargile\" target=\"_blank\" rel=\"noopener\">un santon \u00e0 son effigie<\/a>. Vendu 21,90\u00a0\u20ac, une partie des b\u00e9n\u00e9fices iront \u00e0 son association Neuf de c\u0153ur qu\u2019il a fond\u00e9e et qui aide aux familles d\u2019enfants souffrant de l\u00e9sions c\u00e9r\u00e9brales. \u00ab\u00a0C\u2019est une forme de cons\u00e9cration et de r\u00e9compense\u00a0\u00bb, souriait Jean-Pierre Papin, qui s\u2019est volontiers pli\u00e9 au jeu des d\u00e9dicaces. Certains ont ramen\u00e9 un livre sur sa carri\u00e8re, d\u2019autres, comme Laetitia, veulent le faire signer directement au dos de la statuette\u00a0: \u00ab\u00a0J\u2019avais achet\u00e9 le santon la semaine derni\u00e8re et on m\u2019a dit de revenir aujourd\u2019hui pour la d\u00e9dicace. Je l\u2019offrirai \u00e0 mon p\u00e8re Ange.\u00a0\u00bb \u00ab\u00a0JPP\u00a0\u00bb a d\u00e9j\u00e0 trouv\u00e9 la place pour le sien chez lui\u00a0: \u00e0 c\u00f4t\u00e9 de son Ballon d\u2019or 1991.<\/p>\n<p><img alt=\"L\u2019ancienne gloire olympienne Jean-Pierre Papin s\u2019est pli\u00e9e au jeu des d\u00e9dicaces sur un support particulier : un santon \u00e0 son effigie.\" loading=\"lazy\" decoding=\"async\" data-nimg=\"fill\" class=\" TwicCore_img__i9TC1 undefined  undefined\" style=\"position:absolute;height:100%;width:100%;left:0;top:0;right:0;bottom:0;color:transparent;background-size:cover;background-position:50% 50%;background-repeat:no-repeat;background-image:url(&quot;data:image\/svg+xml;charset=utf-8,%3Csvg xmlns='http:\/\/www.w3.org\/2000\/svg' %3E%3Cfilter id='b' color-interpolation-filters='sRGB'%3E%3CfeGaussianBlur stdDeviation='20'\/%3E%3CfeColorMatrix values='1 0 0 0 0 0 1 0 0 0 0 0 1 0 0 0 0 0 100 -1' result='s'\/%3E%3CfeFlood x='0' y='0' width='100%25' height='100%25'\/%3E%3CfeComposite operator='out' in='s'\/%3E%3CfeComposite in2='SourceGraphic'\/%3E%3CfeGaussianBlur stdDeviation='20'\/%3E%3C\/filter%3E%3Cimage width='100%25' height='100%25' x='0' y='0' preserveAspectRatio='none' style='filter: url(%23b);' href='https:\/\/pictures.laprovence.com\/cdn-cgi\/image\/blur=250\/media\/melody\/2025\/12\/13\/dedicaces-de-jean-pierre-papin-a-la-foire-aux-santons-de-marseille-jean-pierre-papin-a-la-foire-aux-1765655335_0d29e1308d3965139e1308d395539ev_.jpg'\/%3E%3C\/svg%3E&quot;)\"   src=\"https:\/\/www.europesays.com\/fr\/wp-content\/uploads\/2025\/12\/dedicaces-de-jean-pierre-papin-a-la-foire-aux-santons-de-marseille-jean-pierre-papin-a-la-foire-aux-.jpeg\"\/>L\u2019ancienne gloire olympienne Jean-Pierre Papin s\u2019est pli\u00e9e au jeu des d\u00e9dicaces sur un support particulier : un santon \u00e0 son effigie. \/ PHOTO DENIS THAUST\u00a0\u00bbAria\u00a0\u00bb, spectacle a\u00e9rien<\/p>\n<p>Des milliers de personnes ont assist\u00e9 au ballet a\u00e9rien \u00ab\u00a0Aria\u00a0\u00bb de la compagnie espagnole Zenit, sur le quai du Port. Un spectacle a\u00e9rien f\u00e9erique, \u00e0 30 m\u00e8tres du sol, sur l\u2019air des Quatre saisons\u00a0de\u00a0Vivaldi, entre natation synchronis\u00e9e et danse classique. Tout de blanc v\u00eatu, une dizaine d\u2019acrobates ont emport\u00e9 le c\u0153ur des spectateurs.<\/p>\n<p><img alt=\"\" loading=\"lazy\" width=\"18\" height=\"18\" decoding=\"async\" data-nimg=\"1\" class=\"mx-[8px]\" style=\"color:transparent\" src=\"https:\/\/www.laprovence.com\/_next\/static\/media\/comment.b95dda91.svg\"\/>D\u00e9marrez la conversation<\/p>\n<p class=\"text-[1.8rem] mt-[32px]\">Votre opinion compte pour nous. Rejoignez la communaut\u00e9 laprovence.com en r\u00e9agissant sur l&rsquo;article Patinoire, spectacle f\u00e9erique, Jean-Pierre Papin&#8230; top d\u00e9part pour deux week-ends de festivit\u00e9s de No\u00ebl \u00e0 Marseille.<\/p>\n","protected":false},"excerpt":{"rendered":"Le No\u00ebl marseillais, programme d\u2019animation des f\u00eates de fin d\u2019ann\u00e9e de la Ville de Marseille, a connu un&hellip;\n","protected":false},"author":2,"featured_media":597764,"comment_status":"","ping_status":"","sticky":false,"template":"","format":"standard","meta":{"footnotes":""},"categories":[2814],"tags":[17,1111,11,3985,1777,674,65614,1011,27,14194,2831,884,12,20791,45643,882,25,3140,3030],"class_list":{"0":"post-597763","1":"post","2":"type-post","3":"status-publish","4":"format-standard","5":"has-post-thumbnail","7":"category-marseille","8":"tag-17","9":"tag-actu","10":"tag-actualites","11":"tag-depart","12":"tag-eu","13":"tag-europe","14":"tag-feerique","15":"tag-fr","16":"tag-france","17":"tag-jean-pierre","18":"tag-loisirs-traditions","19":"tag-marseille","20":"tag-news","21":"tag-papin","22":"tag-patinoire","23":"tag-provence-alpes-cote-dazur","24":"tag-republique-francaise","25":"tag-spectacle","26":"tag-top"},"share_on_mastodon":{"url":"https:\/\/pubeurope.com\/@fr\/115715358016576891","error":""},"_links":{"self":[{"href":"https:\/\/www.europesays.com\/fr\/wp-json\/wp\/v2\/posts\/597763","targetHints":{"allow":["GET"]}}],"collection":[{"href":"https:\/\/www.europesays.com\/fr\/wp-json\/wp\/v2\/posts"}],"about":[{"href":"https:\/\/www.europesays.com\/fr\/wp-json\/wp\/v2\/types\/post"}],"author":[{"embeddable":true,"href":"https:\/\/www.europesays.com\/fr\/wp-json\/wp\/v2\/users\/2"}],"replies":[{"embeddable":true,"href":"https:\/\/www.europesays.com\/fr\/wp-json\/wp\/v2\/comments?post=597763"}],"version-history":[{"count":0,"href":"https:\/\/www.europesays.com\/fr\/wp-json\/wp\/v2\/posts\/597763\/revisions"}],"wp:featuredmedia":[{"embeddable":true,"href":"https:\/\/www.europesays.com\/fr\/wp-json\/wp\/v2\/media\/597764"}],"wp:attachment":[{"href":"https:\/\/www.europesays.com\/fr\/wp-json\/wp\/v2\/media?parent=597763"}],"wp:term":[{"taxonomy":"category","embeddable":true,"href":"https:\/\/www.europesays.com\/fr\/wp-json\/wp\/v2\/categories?post=597763"},{"taxonomy":"post_tag","embeddable":true,"href":"https:\/\/www.europesays.com\/fr\/wp-json\/wp\/v2\/tags?post=597763"}],"curies":[{"name":"wp","href":"https:\/\/api.w.org\/{rel}","templated":true}]}}