{"id":597765,"date":"2025-12-14T01:36:19","date_gmt":"2025-12-14T01:36:19","guid":{"rendered":"https:\/\/www.europesays.com\/fr\/597765\/"},"modified":"2025-12-14T01:36:19","modified_gmt":"2025-12-14T01:36:19","slug":"previsions-du-dimanche-14-decembre-2025-5","status":"publish","type":"post","link":"https:\/\/www.europesays.com\/fr\/597765\/","title":{"rendered":"pr\u00e9visions du dimanche 14 d\u00e9cembre 2025"},"content":{"rendered":"<p>Le ciel de Marseille sera assez lumineux, avec quelques \u00e9claircies aujourd&rsquo;hui. Les maximales pourront atteindre 14\u00b0C alors que les minimales seront de 11\u00b0C. Un vent de sud-est soufflera doucement. Un splendide soleil va briller et ce, tout au long de la matin\u00e9e. Le mercure affichera 12\u00b0C en moyenne. Le soleil sera dominant, la garantie d&rsquo;un magnifique apr\u00e8s-midi ! Les temp\u00e9ratures afficheront entre 13 et 14\u00b0C. La ville aura quelques \u00e9claircies le soir. Le ciel sera clair dans la nuit de dimanche \u00e0 lundi.<\/p>\n<p>Demain, \u00e0 Marseille, des nuages ne voudront pas faire place au soleil. Les valeurs seront comprises entre 11 et 14\u00b0C. Un vent d&rsquo;est soufflera \u00e0 29 km\/h. En revanche, le matin, le vent va progressivement chasser la grisaille. Les temp\u00e9ratures seront de 12\u00b0C au minimum et de 14\u00b0C au plus haut. Le ciel va peu \u00e0 peu s&rsquo;obscurcir au cours de l&rsquo;apr\u00e8s-midi avec l&rsquo;apparition de nuages. Il faudra anticiper des perturbations, les Marseillais se retrouveront sous des pluies \u00e9parses. Les valeurs s&rsquo;\u00e9chelonneront entre 13\u00b0C et 14\u00b0C. Des averses tomberont demain soir.<\/p>\n<p>Une am\u00e9lioration est pr\u00e9vue pour les jours \u00e0 venir. Le temps sera ensoleill\u00e9 avec des temp\u00e9ratures autour de 13\u00b0C.<\/p>\n<p><\/p>\n","protected":false},"excerpt":{"rendered":"Le ciel de Marseille sera assez lumineux, avec quelques \u00e9claircies aujourd&rsquo;hui. Les maximales pourront atteindre 14\u00b0C alors que&hellip;\n","protected":false},"author":2,"featured_media":597766,"comment_status":"","ping_status":"","sticky":false,"template":"","format":"standard","meta":{"footnotes":""},"categories":[2814],"tags":[1111,11,1777,674,1011,27,884,12,2119,882,25],"class_list":{"0":"post-597765","1":"post","2":"type-post","3":"status-publish","4":"format-standard","5":"has-post-thumbnail","7":"category-marseille","8":"tag-actu","9":"tag-actualites","10":"tag-eu","11":"tag-europe","12":"tag-fr","13":"tag-france","14":"tag-marseille","15":"tag-news","16":"tag-previsions-meteo","17":"tag-provence-alpes-cote-dazur","18":"tag-republique-francaise"},"share_on_mastodon":{"url":"https:\/\/pubeurope.com\/@fr\/115715360894939686","error":""},"_links":{"self":[{"href":"https:\/\/www.europesays.com\/fr\/wp-json\/wp\/v2\/posts\/597765","targetHints":{"allow":["GET"]}}],"collection":[{"href":"https:\/\/www.europesays.com\/fr\/wp-json\/wp\/v2\/posts"}],"about":[{"href":"https:\/\/www.europesays.com\/fr\/wp-json\/wp\/v2\/types\/post"}],"author":[{"embeddable":true,"href":"https:\/\/www.europesays.com\/fr\/wp-json\/wp\/v2\/users\/2"}],"replies":[{"embeddable":true,"href":"https:\/\/www.europesays.com\/fr\/wp-json\/wp\/v2\/comments?post=597765"}],"version-history":[{"count":0,"href":"https:\/\/www.europesays.com\/fr\/wp-json\/wp\/v2\/posts\/597765\/revisions"}],"wp:featuredmedia":[{"embeddable":true,"href":"https:\/\/www.europesays.com\/fr\/wp-json\/wp\/v2\/media\/597766"}],"wp:attachment":[{"href":"https:\/\/www.europesays.com\/fr\/wp-json\/wp\/v2\/media?parent=597765"}],"wp:term":[{"taxonomy":"category","embeddable":true,"href":"https:\/\/www.europesays.com\/fr\/wp-json\/wp\/v2\/categories?post=597765"},{"taxonomy":"post_tag","embeddable":true,"href":"https:\/\/www.europesays.com\/fr\/wp-json\/wp\/v2\/tags?post=597765"}],"curies":[{"name":"wp","href":"https:\/\/api.w.org\/{rel}","templated":true}]}}