{"id":597769,"date":"2025-12-14T01:38:23","date_gmt":"2025-12-14T01:38:23","guid":{"rendered":"https:\/\/www.europesays.com\/fr\/597769\/"},"modified":"2025-12-14T01:38:23","modified_gmt":"2025-12-14T01:38:23","slug":"previsions-du-dimanche-14-decembre-2025-6","status":"publish","type":"post","link":"https:\/\/www.europesays.com\/fr\/597769\/","title":{"rendered":"pr\u00e9visions du dimanche 14 d\u00e9cembre 2025"},"content":{"rendered":"<p>Il va faire 7\u00b0C en moyenne \u00e0 Lyon aujourd&rsquo;hui. Un petit vent de sud-est sera ressenti par les habitants. Il devrait y avoir du brouillard le matin. On pr\u00e9voit des temp\u00e9ratures d&rsquo;environ 5\u00b0C. Un splendide soleil va briller et ce, tout au long de l&rsquo;apr\u00e8s-midi. Une m\u00e9t\u00e9o plus chaude est attendue \u00e9tant donn\u00e9 que le mercure va enregistrer une augmentation. Les valeurs seront comprises entre 6 et 10\u00b0C. Le ciel sera assez lumineux, avec quelques \u00e9claircies le soir. Une nuit claire vous attendra entre dimanche et lundi.<\/p>\n<p>Le soleil appara\u00eet l\u00e9g\u00e8rement demain. Ces \u00e9claircies devraient r\u00e9jouir les Lyonnais. La m\u00e9t\u00e9o va se r\u00e9chauffer avec une hausse de quelques degr\u00e9s. Les temp\u00e9ratures afficheront entre 6 et 14\u00b0C. Un vent de sud-est rafra\u00eechira un peu l&rsquo;atmosph\u00e8re. Les temp\u00e9ratures vont conna\u00eetre une augmentation de quelques degr\u00e9s pendant l&rsquo;apr\u00e8s-midi. Les maximales atteindront les 14\u00b0C alors que les minimales seront de 10\u00b0C. Le ciel va progressivement se voiler durant la soir\u00e9e avec la venue de nuages.<\/p>\n<p>Les jours passent et ne changent pas. Des temp\u00e9ratures dans les 9\u00b0C iront de pair avec un ciel ensoleill\u00e9.<\/p>\n<p><\/p>\n","protected":false},"excerpt":{"rendered":"Il va faire 7\u00b0C en moyenne \u00e0 Lyon aujourd&rsquo;hui. Un petit vent de sud-est sera ressenti par les&hellip;\n","protected":false},"author":2,"featured_media":597770,"comment_status":"","ping_status":"","sticky":false,"template":"","format":"standard","meta":{"footnotes":""},"categories":[1889],"tags":[1111,11,2430,1777,674,1011,27,2428,12,2119,25],"class_list":{"0":"post-597769","1":"post","2":"type-post","3":"status-publish","4":"format-standard","5":"has-post-thumbnail","7":"category-lyon","8":"tag-actu","9":"tag-actualites","10":"tag-auvergne-rhone-alpes","11":"tag-eu","12":"tag-europe","13":"tag-fr","14":"tag-france","15":"tag-lyon","16":"tag-news","17":"tag-previsions-meteo","18":"tag-republique-francaise"},"share_on_mastodon":{"url":"https:\/\/pubeurope.com\/@fr\/115715368734283420","error":""},"_links":{"self":[{"href":"https:\/\/www.europesays.com\/fr\/wp-json\/wp\/v2\/posts\/597769","targetHints":{"allow":["GET"]}}],"collection":[{"href":"https:\/\/www.europesays.com\/fr\/wp-json\/wp\/v2\/posts"}],"about":[{"href":"https:\/\/www.europesays.com\/fr\/wp-json\/wp\/v2\/types\/post"}],"author":[{"embeddable":true,"href":"https:\/\/www.europesays.com\/fr\/wp-json\/wp\/v2\/users\/2"}],"replies":[{"embeddable":true,"href":"https:\/\/www.europesays.com\/fr\/wp-json\/wp\/v2\/comments?post=597769"}],"version-history":[{"count":0,"href":"https:\/\/www.europesays.com\/fr\/wp-json\/wp\/v2\/posts\/597769\/revisions"}],"wp:featuredmedia":[{"embeddable":true,"href":"https:\/\/www.europesays.com\/fr\/wp-json\/wp\/v2\/media\/597770"}],"wp:attachment":[{"href":"https:\/\/www.europesays.com\/fr\/wp-json\/wp\/v2\/media?parent=597769"}],"wp:term":[{"taxonomy":"category","embeddable":true,"href":"https:\/\/www.europesays.com\/fr\/wp-json\/wp\/v2\/categories?post=597769"},{"taxonomy":"post_tag","embeddable":true,"href":"https:\/\/www.europesays.com\/fr\/wp-json\/wp\/v2\/tags?post=597769"}],"curies":[{"name":"wp","href":"https:\/\/api.w.org\/{rel}","templated":true}]}}