{"id":597781,"date":"2025-12-14T01:45:42","date_gmt":"2025-12-14T01:45:42","guid":{"rendered":"https:\/\/www.europesays.com\/fr\/597781\/"},"modified":"2025-12-14T01:45:42","modified_gmt":"2025-12-14T01:45:42","slug":"russie-de-poutine-mythe-du-genie-les-dix-livres-non-traduits-quil-faut-avoir-lus-pour-briller-en-societe-lexpress","status":"publish","type":"post","link":"https:\/\/www.europesays.com\/fr\/597781\/","title":{"rendered":"Russie de Poutine, mythe du g\u00e9nie\u2026 Les dix livres non traduits qu\u2019il faut avoir lus pour briller en soci\u00e9t\u00e9 \u2013 L&rsquo;Express"},"content":{"rendered":"<p class=\"paragraph article-body-paragraph article__item   article-body-paragraph--first \">A L\u2019Express, nous portons une attention particuli\u00e8re \u00e0 l\u2019actualit\u00e9 \u00e9ditoriale internationale, en essayant d\u2019interroger les universitaires, journalistes, scientifiques ou historiens qui publient des essais importants en Europe, aux Etats-Unis ou ailleurs. 2025 a \u00e9t\u00e9 particuli\u00e8rement riche en la mati\u00e8re. En f\u00e9vrier, le c\u00e9l\u00e8bre g\u00e9opolitologue Robert D. Kaplan <a href=\"https:\/\/www.lexpress.fr\/idees-et-debats\/robert-kaplan-celebre-journaliste-americain-apres-poutine-la-russie-sombrera-sans-doute-dans-X7K6G2JWGFCFVC42JQRKD2X3ZE\/\" target=\"_self\" rel=\"noopener\" title=\"https:\/\/www.lexpress.fr\/idees-et-debats\/robert-kaplan-celebre-journaliste-americain-apres-poutine-la-russie-sombrera-sans-doute-dans-X7K6G2JWGFCFVC42JQRKD2X3ZE\/\">avertissait <\/a>sur les similitudes troublantes entre notre \u00e9poque et celle de l\u2019Allemagne du d\u00e9but des ann\u00e9es 1930. En mai, Johan Norberg <a href=\"https:\/\/www.lexpress.fr\/idees-et-debats\/johan-norberg-les-etats-unis-de-trump-montrent-des-signes-inquietants-dune-civilisation-sur-le-DYPQSY74QNDAZH3VGO3OPNBXUA\/\" target=\"_self\" rel=\"noopener\" title=\"https:\/\/www.lexpress.fr\/idees-et-debats\/johan-norberg-les-etats-unis-de-trump-montrent-des-signes-inquietants-dune-civilisation-sur-le-DYPQSY74QNDAZH3VGO3OPNBXUA\/\">analysait <\/a>les grands \u00e2ges d\u2019or de l\u2019histoire, alertant contre notre tendance actuelle au pessimisme et au recroquevillement nationaliste. En ao\u00fbt, Andre\u00ef Soldatov <a href=\"https:\/\/www.lexpress.fr\/idees-et-debats\/andrei-soldatov-il-est-fou-de-penser-que-poutine-pourrait-accorder-un-rendez-vous-a-zelensky-XVVOJRMH7NEPHHKRBKMGZGZV2E\/\" target=\"_self\" rel=\"noopener\" title=\"https:\/\/www.lexpress.fr\/idees-et-debats\/andrei-soldatov-il-est-fou-de-penser-que-poutine-pourrait-accorder-un-rendez-vous-a-zelensky-XVVOJRMH7NEPHHKRBKMGZGZV2E\/\">racontait<\/a> comme la Russie de Poutine corrompt tout, jusqu&rsquo;aux vieilles amiti\u00e9s. <\/p>\n<p class=\"paragraph article-body-paragraph article__item   \">Voici notre s\u00e9lection des dix livres de non-fiction les plus marquants de l&rsquo;ann\u00e9e, qu\u2019on esp\u00e8re tous voir traduits rapidement en fran\u00e7ais. <\/p>\n<p>Peak Human, par Johan Norberg (Atlantic Books)<\/p>\n<p class=\"paragraph article-body-paragraph article__item   \">Ath\u00e8nes, Rome, le Bagdad des Abbassides, la Chine des Song, la Renaissance italienne, le si\u00e8cle d\u2019or n\u00e9erlandais, l\u2019Angleterre de la r\u00e9volution industrielle\u2026 Johan Norberg examine diff\u00e9rents \u00e2ges d\u2019or dans l\u2019Histoire, des p\u00e9riodes marqu\u00e9es par une floraison \u00e9conomique, technologique et culturelle. Pourquoi, \u00e0 diff\u00e9rents endroits du monde, des soci\u00e9t\u00e9s ont-elles connu des explosions cr\u00e9atives ? Et pourquoi cela s\u2019est-il fini ? Le <a href=\"https:\/\/www.lexpress.fr\/idees-et-debats\/johan-norberg-le-capitalisme-sauvera-le-monde-H3EG3YEWW5EMNEB7CCWIADCBK4\/\" rel=\"noopener\" title=\"https:\/\/www.lexpress.fr\/idees-et-debats\/johan-norberg-le-capitalisme-sauvera-le-monde-H3EG3YEWW5EMNEB7CCWIADCBK4\/\" target=\"_blank\">lib\u00e9ral su\u00e9dois<\/a>, chercheur au Cato Institute, en tire de pr\u00e9cieux enseignements pour notre p\u00e9riode actuelle, alors que nous avons nous-m\u00eames souvent l\u2019impression de vivre la fin d\u2019une parenth\u00e8se enchant\u00e9e. \u00ab\u00a0Ces diff\u00e9rentes civilisations ont su imiter puis innover. <\/p>\n<p><strong class=\"article-body-link-list__item text-gray-800 article-body-link-list__item--one-item\">LIRE AUSSI : <a class=\"article-body-link-list__item-link\" href=\"https:\/\/www.lexpress.fr\/idees-et-debats\/johan-norberg-les-etats-unis-de-trump-montrent-des-signes-inquietants-dune-civilisation-sur-le-DYPQSY74QNDAZH3VGO3OPNBXUA\/\" target=\"_blank\" rel=\"noopener\">Johan Norberg : \u00ab\u00a0Les Etats-Unis de Trump montrent des signes inqui\u00e9tants d\u2019une civilisation sur le d\u00e9clin\u00a0\u00bb<\/a><\/strong><\/p>\n<p class=\"paragraph article-body-paragraph article__item   \">Le contact avec d\u2019autres civilisations, le commerce, les flux migratoires ou les guerres ont permis d\u2019importer de nouvelles id\u00e9es, qu\u2019il faut ensuite transformer en innovation. Cela requiert une certaine ouverture intellectuelle et un Etat de droit, avec des r\u00e8gles appliqu\u00e9es \u00e9galement \u00e0 toute la population\u00a0\u00bb, <a href=\"https:\/\/www.lexpress.fr\/idees-et-debats\/johan-norberg-les-etats-unis-de-trump-montrent-des-signes-inquietants-dune-civilisation-sur-le-DYPQSY74QNDAZH3VGO3OPNBXUA\/\" rel=\"noopener\" target=\"_blank\">nous confiait-il en mai<\/a>, avant de mettre en garde : \u00ab\u00a0Le d\u00e9clin commence par un changement culturel, avec la mont\u00e9e du pessimisme. La conviction que tout est sans espoir et que cela ne vaut m\u00eame pas la peine d\u2019essayer devient souvent une proph\u00e9tie autor\u00e9alisatrice. Ces soci\u00e9t\u00e9s cessent alors de voir les nouvelles id\u00e9es, le g\u00e2teau \u00e9conomique devient plus petit, on se bat pour le partager, avec des conflits entre diff\u00e9rents groupes sociaux\u00a0\u00bb\u2026 <b>Thomas Mahler<\/b><\/p>\n<p>Land Power, par Michael Albertus (Basic Books)<\/p>\n<p class=\"paragraph article-body-paragraph article__item   \">Et si la convoitise de Donald Trump pour le Groenland, le Panama ou le Canada, n\u2019\u00e9tait qu\u2019un d\u00e9but ? Et si d\u2019autres grandes puissances suivaient la trace du pr\u00e9sident am\u00e9ricain en revendiquant de nouveaux territoires, de gr\u00e9 ou de force ? Nous sommes \u00e0 l\u2019aube d\u2019une nouvelle \u00ab\u00a0grande redistribution\u00a0\u00bb (Great Reshuffle), alerte ce professeur de science politique \u00e0 l\u2019Universit\u00e9 de Chicago (Etats-Unis) dans Land Power, ouvrage class\u00e9 \u00e0 juste titre parmi les plus attendus de l\u2019ann\u00e9e par Foreign Policy. De la R\u00e9volution fran\u00e7aise au XXIe si\u00e8cle, la possession de la terre a toujours \u00e9t\u00e9 indissociable du pouvoir. Or deux dynamiques majeures vont marquer cette \u00e8re de comp\u00e9tition pour certaines r\u00e9gions et les ressources qu\u2019elles abritent : le changement climatique et les \u00e9volutions d\u00e9mographiques. Comme lors de toutes les pr\u00e9c\u00e9dentes \u00ab\u00a0grandes redistributions\u201d, il y aura forc\u00e9ment des gagnants et des perdants. Des \u00c9tats pr\u00e9dateurs pourraient donc bien passer \u00e0 l\u2019action pour anticiper des difficult\u00e9s futures ou, au contraire, consolider leur position, estime le politologue. Avec, en ligne de mire, \u201cces dizaines de territoires dans le monde qui ont un profil similaire au Groenland\u201d. Par exemple la Guyane fran\u00e7aise ou la Nouvelle-Cal\u00e9donie\u2026 <b>Laurent Berbon et Baptiste Langlois<\/b><\/p>\n<p><strong class=\"article-body-link-list__item text-gray-800 article-body-link-list__item--one-item\">LIRE AUSSI : <a class=\"article-body-link-list__item-link\" href=\"https:\/\/www.lexpress.fr\/environnement\/michael-albertus-apres-le-groenland-la-guyane-francaise-pourrait-susciter-des-convoitises-3GYYSFABMFFLLBEMDLTEM6BPEE\/\" target=\"_blank\" rel=\"noopener\">Michael Albertus : \u00ab\u00a0Apr\u00e8s le Groenland, la Guyane fran\u00e7aise pourrait susciter des convoitises\u2026\u00a0\u00bb<\/a><\/strong>Waste Land: A World in Permanent Crisis, par Robert D. Kaplan (Random House)<\/p>\n<p class=\"paragraph article-body-paragraph article__item   \">Lorsqu\u2019un ouvrage prend comme point de d\u00e9part les ann\u00e9es 1930 pour \u00e9clairer le monde d\u2019aujourd\u2019hui, on h\u00e9site toujours entre curiosit\u00e9 et m\u00e9fiance. En l\u2019occurrence, le dernier livre du journaliste am\u00e9ricain Robert Kaplan, Wasteland: A World in Permanent Crisis, publi\u00e9 aux \u00c9tats-Unis d\u00e9but 2025, rel\u00e8ve clairement de la premi\u00e8re cat\u00e9gorie. Ici, l\u2019Histoire ne se r\u00e9p\u00e8te pas. Elle ne b\u00e9gaie pas non plus. Elle sert d\u2019\u00e9chelle de lecture pour mieux comprendre les dynamiques \u00e0 l\u2019\u0153uvre dans notre \u00e9poque. Selon le c\u00e9l\u00e8bre g\u00e9opolitologue, le monde est devenu une immense R\u00e9publique de Weimar, ce r\u00e9gime d\u00e9mocratique allemand de l&rsquo;apr\u00e8s-Premi\u00e8re Guerre mondiale qui a ouvert la voie au nazisme. Mais l\u2019auteur pr\u00e9vient d\u2019embl\u00e9e : \u00ab\u00a0Oubliez Hitler. Chaque tyran est unique, tout comme chaque h\u00e9ros.\u00a0\u00bb Ainsi, \u00e9crit-il, \u00ab\u00a0au lieu d\u2019une Allemagne fragment\u00e9e en L\u00e4nder interconnect\u00e9s o\u00f9 une crise dans l\u2019un pouvait rapidement se propager aux autres, nous vivons aujourd\u2019hui dans un monde o\u00f9 chaque pays est li\u00e9 aux autres de mani\u00e8re si profonde qu\u2019une crise en un seul endroit peut d\u00e9clencher un effet domino aux cons\u00e9quences presque universelles\u00a0\u00bb. Le danger, selon Kaplan, est triple. D\u2019abord, le d\u00e9clin des grandes puissances (Russie, Chine, Etats-Unis) marque la fin des vertus stabilisatrices de l\u2019imp\u00e9rialisme. Ensuite, march\u00e9s financiers, crises g\u00e9opolitiques, conflits militaires et nouvelles technologies sont d\u00e9sormais inextricablement li\u00e9s. Enfin, nous \u00e9voluons dans un monde priv\u00e9 de toute forme de gouvernance globale. Un sombre diagnostic dress\u00e9 dans un style enlev\u00e9, dont on ne peut qu\u2019esp\u00e9rer qu\u2019il finisse au rayon fiction. <b>L.B.<\/b><\/p>\n<p><strong class=\"article-body-link-list__item text-gray-800 article-body-link-list__item--one-item\">LIRE AUSSI : <a class=\"article-body-link-list__item-link\" href=\"https:\/\/www.lexpress.fr\/idees-et-debats\/robert-kaplan-celebre-journaliste-americain-apres-poutine-la-russie-sombrera-sans-doute-dans-X7K6G2JWGFCFVC42JQRKD2X3ZE\/\" target=\"_blank\" rel=\"noopener\">Robert Kaplan : \u00ab\u00a0La Russie post-Poutine sera sans doute la premi\u00e8re grande puissance \u00e0 s\u2019effondrer\u00a0\u00bb<\/a><\/strong>The Measure of Progress, de Diane Coyle (Princeton University Press)<\/p>\n<p class=\"paragraph article-body-paragraph article__item   \">Longtemps, le PIB, sacro-saint outil de mesure de la richesse cr\u00e9\u00e9e par un pays, a donn\u00e9 le tempo de l\u2019\u00e9conomie mondiale, alimentant au passage toutes sortes de pr\u00e9dictions concernant le niveau de vie, le taux de ch\u00f4mage et en d\u00e9finitive, le progr\u00e8s. Ce temps est r\u00e9volu, du moins le devrait-il, plaide l\u2019\u00e9conomiste britannique Diane Coyle dans le d\u00e9capant The Measure of Progress (Princeton University Press). S\u2019inscrivant dans une longue tradition de remise en question de nos indicateurs \u00e9conomiques vieillissants, cette ancienne conseill\u00e8re au Tr\u00e9sor dresse un constat accablant sur l\u2019\u00e9tat de nos outils de mesure statistiques, rendus incapables de mesurer la fa\u00e7on dont de nombreux ph\u00e9nom\u00e8nes ont remodel\u00e9 l\u2019\u00e9conomie moderne. <\/p>\n<p><strong class=\"article-body-link-list__item text-gray-800 article-body-link-list__item--one-item\">LIRE AUSSI : <a class=\"article-body-link-list__item-link\" href=\"https:\/\/www.lexpress.fr\/idees-et-debats\/le-constat-choc-de-diane-coyle-les-occidentaux-ont-accumule-des-dettes-dont-ils-nont-meme-pas-FYEQQPLUZZBPRE3Y73AZKRA2EQ\/\" target=\"_blank\" rel=\"noopener\">Le constat choc de Diane Coyle : \u00ab\u00a0Les Occidentaux ont accumul\u00e9 des dettes dont ils n\u2019ont m\u00eame pas conscience\u00a0\u00bb<\/a><\/strong><\/p>\n<p class=\"paragraph article-body-paragraph article__item   \">YouTube, Apple, Nike\u2026 Le livre de Diane Coyle est aussi un voyage dans le monde d\u2019aujourd\u2019hui. Un monde dans lequel les classifications traditionnelles ne sont plus en phase avec la r\u00e9alit\u00e9 hybride qui est la n\u00f4tre \u2013 la valeur ne se trouvant plus seulement dans les usines, mais aussi dans les donn\u00e9es ou les id\u00e9es. Un monde, aussi, o\u00f9 certaines dettes pourtant accumul\u00e9es au fil du temps par toutes les \u00e9conomies occidentales nous \u00e9chappent encore. De quoi nous emp\u00eacher de voir que \u00ab\u00a0nous sommes collectivement bien plus pauvres que nous le pensons\u00a0\u00bb, et nuire \u00e0 l\u2019\u00e9laboration de politiques publiques efficaces\u2026 <b>Alix L\u2019Hospital<\/b><\/p>\n<p>Our Dear Friends in Moscow, par Irina Borogan et Andre\u00ef Soldatov (Public Affairs)<\/p>\n<p class=\"paragraph article-body-paragraph article__item   \">C\u2019est un Les Copains d&rsquo;abord dans l\u2019<a href=\"https:\/\/www.lexpress.fr\/monde\/europe\/bielorussie-armenie-kirghizstan-les-systemes-de-pouvoir-post-sovietiques-sont-uses_2136290.html\" rel=\"noopener\" title=\"https:\/\/www.lexpress.fr\/monde\/europe\/bielorussie-armenie-kirghizstan-les-systemes-de-pouvoir-post-sovietiques-sont-uses_2136290.html\" target=\"_blank\">\u00e8re post-Sovi\u00e9tique<\/a>, ou Les Illusions perdues \u00e0 la sauce Vladimir Poutine. Dans le poignant Our Dear Friends in Moscow, Irina Borogan et Andre\u00ef Soldatov racontent comment leur g\u00e9n\u00e9ration a \u00e9t\u00e9 bris\u00e9e par le tournant autoritaire et les ambitions imp\u00e9rialistes du r\u00e9gime. En 2000, les deux rejoignent le grand journal Izvestia. Se forme alors une joyeuse bande d\u2019amis, une \u00e9lite intellectuelle lib\u00e9rale qui regarde l\u2019avenir avec optimisme. Mais alors que le terrorisme frappe la <a href=\"https:\/\/www.lexpress.fr\/monde\/europe\/guerre-en-ukraine-volodymyr-zelensky-appelle-a-plus-de-pression-sur-vladimir-poutine-PIOYRTBM2FB5FBTSHWH6EA3P7E\/\" rel=\"noopener\" title=\"https:\/\/www.lexpress.fr\/monde\/europe\/guerre-en-ukraine-volodymyr-zelensky-appelle-a-plus-de-pression-sur-vladimir-poutine-PIOYRTBM2FB5FBTSHWH6EA3P7E\/\" target=\"_blank\">Russie<\/a>, Irina Borogan et Andre\u00ef Soldatov comprennent vite que le nouveau pr\u00e9sident Vladimir Poutine reste avant tout un homme du KGB. En 2008, c\u2019est le virage imp\u00e9rialiste avec la conqu\u00eate de l\u2019Oss\u00e9tie du Sud et de l\u2019Abkhazie qui suscite l\u2019enthousiasme de Russes urbains, pourtant \u00e9duqu\u00e9s et tourn\u00e9s vers l\u2019Europe.<\/p>\n<p><strong class=\"article-body-link-list__item text-gray-800 article-body-link-list__item--one-item\">LIRE AUSSI : <a class=\"article-body-link-list__item-link\" href=\"https:\/\/www.lexpress.fr\/idees-et-debats\/andrei-soldatov-il-est-fou-de-penser-que-poutine-pourrait-accorder-un-rendez-vous-a-zelensky-XVVOJRMH7NEPHHKRBKMGZGZV2E\/\" target=\"_blank\" rel=\"noopener\">Andre\u00ef Soldatov : \u00ab\u00a0Il est fou de penser que Poutine pourrait accorder un rendez-vous \u00e0 Zelensky\u00a0\u00bb<\/a><\/strong><\/p>\n<p class=\"paragraph article-body-paragraph article__item   \">Fondateurs du site Agentura.ru, Irina Borogan et Andre\u00ef Soldatov sont devenus les meilleurs experts des services secrets russes. Ils ont fui leur pays en 2020 et vivent d\u00e9sormais en exil \u00e0 Londres. Leurs anciens camarades sont eux devenus propagandistes ou agents du r\u00e9gime, et m\u00eame ministre de la Culture. Comment ces journalistes et intellectuels brillants peuvent-ils cautionner l\u2019<a href=\"https:\/\/www.lexpress.fr\/monde\/europe\/si-lukraine-avait-eu-de-telles-armes-avant-comment-kiev-rattrape-son-retard-sur-la-russie-2AA47HU6A5CUHNXQTDRRBMNLVI\/\" rel=\"noopener\" title=\"https:\/\/www.lexpress.fr\/monde\/europe\/si-lukraine-avait-eu-de-telles-armes-avant-comment-kiev-rattrape-son-retard-sur-la-russie-2AA47HU6A5CUHNXQTDRRBMNLVI\/\" target=\"_blank\">invasion de l\u2019Ukraine<\/a> ? Irina Borogan et Andre\u00ef Soldatov les ont recontact\u00e9s et montrent, dans cette histoire intime des ann\u00e9es Poutine, \u00e0 quel point une dictature corrompt tout, jusqu\u2019aux vieilles amiti\u00e9s. <b>T.M.<\/b><\/p>\n<p>Good Change : The Rise and Fall of Poland&rsquo;s Illiberal Revolution, par Stanley Bill et Ben Stanley (Stanford University Press)<\/p>\n<p class=\"paragraph article-body-paragraph article__item   \">C\u2019est une lecture incontournable, \u00e0 l\u2019heure o\u00f9, partout dans le monde, les populismes gagnent du terrain. Dans Good Change : The Rise and Fall of Poland\u2019s Illiberal Revolution, les deux sp\u00e9cialistes de la Pologne Stanley Bill (Cambridge) et Ben Stanley (Universit\u00e9 des sciences sociales et humaines de Varsovie) reviennent sur la \u00ab\u00a0parenth\u00e8se illib\u00e9rale\u00a0\u00bb du PiS (le parti national conservateur Droit et Justice) entre 2015 et 2023. Une exp\u00e9rience du populisme au pouvoir caract\u00e9ris\u00e9e par une combinaison de positionnements de droites sur les questions culturelles et sociales, et de gauche sur les questions \u00e9conomiques.<\/p>\n<p><strong class=\"article-body-link-list__item text-gray-800 article-body-link-list__item--one-item\">LIRE AUSSI : <a class=\"article-body-link-list__item-link\" href=\"https:\/\/www.lexpress.fr\/idees-et-debats\/stanley-bill-cambridge-lexemple-polonais-le-montre-il-est-difficile-de-se-remettre-dune-parenthese-PKTD2T3BTJCYTBGZWE3PTT5Z4Q\/\" target=\"_blank\" rel=\"noopener\">Stanley Bill (Cambridge) : \u00ab\u00a0L&rsquo;exemple polonais le montre, il est difficile de se remettre d&rsquo;une parenth\u00e8se populiste\u00a0\u00bb<\/a><\/strong><\/p>\n<p class=\"paragraph article-body-paragraph article__item   \">Mais l\u2019originalit\u00e9 de ce nouveau livre sur le populisme vient surtout de ses chapitres sur \u00ab\u00a0l\u2019apr\u00e8s PiS\u00a0\u00bb. Car avec le retour au pouvoir, en 2023, d\u2019une coalition centriste men\u00e9e par Donald Tusk, la Pologne offre aux politologues un v\u00e9ritable laboratoire de sortie du populisme. Si cette alternance a suscit\u00e9 chez certains de grands espoirs, les deux chercheurs montrent que la restauration de la d\u00e9mocratie lib\u00e9rale est loin d\u2019aller de soi. Pour l\u00e9gitimer ses politiques de \u00ab\u00a0retour \u00e0 la d\u00e9mocratie\u00a0\u00bb, l\u2019actuel Premier ministre polonais a repris \u00e0 son compte le concept de \u00ab\u00a0d\u00e9mocratie militante\u00a0\u00bb, selon lequel les r\u00e9gimes d\u00e9mocratiques doivent se doter de m\u00e9canismes juridiques exceptionnels pour prot\u00e9ger la d\u00e9mocratie des assauts du fascisme. Au risque, pr\u00e9viennent Stanley Bill et Ben Stanley, de flirter avec les limites de l\u2019\u00c9tat de droit et de reproduire, sous une autre forme, les d\u00e9rives que la coalition entendait justement combattre\u2026 <b>Baptiste Gauthey<\/b><\/p>\n<p>The Genius Myth: A Curious History of a Dangerous Idea, par Helen Lewis (Thesis)<\/p>\n<p class=\"paragraph article-body-paragraph article__item   \">Vous faites une overdose de biopics ? Rassurez-vous, vous n\u2019\u00eates pas seul. Dans le r\u00e9jouissant The Genius Myth, la journaliste Helen Lewis, chroniqueuse \u00e0 The Atlantic, explique pourquoi le cin\u00e9ma est devenu, depuis vingt ans, une v\u00e9ritable usine \u00e0 films biographiques : \u00ab\u00a0Ils sont un puissant moteur du mythe du g\u00e9nie solitaire.\u00a0\u00bb Un mythe qu\u2019elle d\u00e9construit avec minutie, depuis la Renaissance de L\u00e9onard de Vinci jusqu\u2019aux Prom\u00e9th\u00e9e modernes de la Silicon Valley, comme Elon Musk. Non pas que ces figures masculines &#8211; car l\u2019Histoire, avec son storytelling bien rod\u00e9, a la f\u00e2cheuse tendance \u00e0 rel\u00e9guer les femmes au second plan &#8211; soient d\u00e9nu\u00e9es de talent ou de m\u00e9rite. Mais l\u2019\u00e9tude approfondie de leurs trajectoires relativise l\u2019id\u00e9e s\u00e9duisante &#8211; et selon elle, toxique &#8211; du g\u00e9nie solitaire, surgissant de nulle part, s\u2019accomplissant seul, envers et contre tous. Et si, en plus, ce g\u00e9nie est alcoolique ou d\u00e9pressif, cela ne fait qu\u2019ajouter \u00e0 son aura romanesque. \u00ab\u00a0Le g\u00e9nie n\u2019est pas une cat\u00e9gorie scientifique objective, mais une construction culturelle, historique et narrative\u00a0\u00bb, tranche l\u2019essayiste britannique. Elle nous propose ainsi la petite histoire derri\u00e8re la grande, \u00e0 travers des figures comme Michel-Ange, Van Gogh, Tolsto\u00ef ou encore les Beatles. On y d\u00e9couvre pourquoi certains g\u00e9nies ont \u00e9t\u00e9 injustement ignor\u00e9s mais aussi pourquoi, m\u00eame sans Zuckerberg, Facebook aurait fini par voir le jour t\u00f4t ou tard\u2026 <b>L.B.<\/b><\/p>\n<p><strong class=\"article-body-link-list__item text-gray-800 article-body-link-list__item--one-item\">LIRE AUSSI : <a class=\"article-body-link-list__item-link\" href=\"https:\/\/www.lexpress.fr\/idees-et-debats\/helen-lewis-the-atlantic-on-a-tous-un-collegue-flamboyant-qui-brille-uniquement-en-surface-5HLGVOSMSVFIZBNTJ3VJ3SNYHM\/\" target=\"_blank\" rel=\"noopener\">Helen Lewis (The Atlantic) : \u00ab\u00a0Elon Musk est aussi visionnaire qu\u2019idiot\u00a0\u00bb<\/a><\/strong>Summer of Our Discontent, par Thomas Chatterton Williams (Knopf)<\/p>\n<p class=\"paragraph article-body-paragraph article__item   \">Ecrivain, journaliste pour The Atlantic et professeur invit\u00e9 au Bard College, Thomas Chatterton Williams est l\u2019un des meilleurs commentateurs des guerres culturelles qui secouent son pays. Dans Summer of Our Discontent, qui doit \u00eatre traduit l\u2019ann\u00e9e prochaine par Grasset, il revient sur la p\u00e9riode turbulente qui a suivi la mort de George Floyd, en 2020. Un \u00e9t\u00e9 durant lequel des milliers de personnes sont descendues dans la rue, en pleine pand\u00e9mie, pour protester contre les violences polici\u00e8res et le \u00ab\u00a0racisme syst\u00e9mique\u00a0\u00bb. Un \u00e9t\u00e9 o\u00f9 l&rsquo;on a vu des individus s&rsquo;agenouiller pour se repentir publiquement de leur \u00ab\u00a0privil\u00e8ge blanc\u00a0\u00bb, et des \u00e9meutes mettre le feu aux poudres aux villes am\u00e9ricaines. Thomas Chatterton Williams fait le bilan de l\u2019acm\u00e9 du mouvement Black Lives Matter comme des id\u00e9es woke en g\u00e9n\u00e9ral. Cinq ans plus tard, Donald Trump est de retour \u00e0 la Maison-Blanche et la cancel culture est pass\u00e9e de gauche \u00e0 droite. Pour <a href=\"https:\/\/www.lexpress.fr\/idees-et-debats\/thomas-chatterton-williams-the-atlantic-le-mouvement-woke-semblait-irresistible-mais-il-sest-OS6WHD3FSBCJ3A3NQY6I65K5VQ\/\" rel=\"noopener\" target=\"_blank\">Thomas Chatterton Williams<\/a>, \u00ab\u00a0tout ce contre quoi ces militants se battaient s\u2019est r\u00e9alis\u00e9, en pire pour eux. Ils ont voulu intimider <a href=\"https:\/\/www.lexpress.fr\/idees-et-debats\/bari-weiss-c-est-comme-si-les-juifs-etaient-invisibles-pour-l-ideologie-woke_2160537.html\" rel=\"noopener\" title=\"https:\/\/www.lexpress.fr\/idees-et-debats\/bari-weiss-c-est-comme-si-les-juifs-etaient-invisibles-pour-l-ideologie-woke_2160537.html\" target=\"_blank\">Bari Weiss<\/a> ? Elle est aujourd\u2019hui \u00e0 la t\u00eate d\u2019une cha\u00eene de t\u00e9l\u00e9vision, CBS, et son m\u00e9dia Free Press a \u00e9t\u00e9 rachet\u00e9 par Paramount pour 150 millions de dollars. Ils refusaient qu\u2019on puisse \u00e9voquer l\u2019id\u00e9e d\u2019envoyer l\u2019arm\u00e9e dans les rues ? L\u2019arm\u00e9e est d\u00e9sormais pr\u00e9sente dans plusieurs villes am\u00e9ricaines. C\u2019est effectivement tr\u00e8s ironique. Ils voulaient forcer les gens \u00e0 accepter les athl\u00e8tes transgenres dans les comp\u00e9titions sportives ? Les r\u00e8glements se sont durcis sur le sujet. Tout \u00e7a a donc \u00e9t\u00e9 totalement contre-productif\u00a0\u00bb. <b>T.M.<\/b><\/p>\n<p><strong class=\"article-body-link-list__item text-gray-800 article-body-link-list__item--one-item\">LIRE AUSSI : <a class=\"article-body-link-list__item-link\" href=\"https:\/\/www.lexpress.fr\/idees-et-debats\/thomas-chatterton-williams-the-atlantic-le-mouvement-woke-semblait-irresistible-mais-il-sest-OS6WHD3FSBCJ3A3NQY6I65K5VQ\/\" target=\"_blank\" rel=\"noopener\">Thomas Chatterton Williams : \u00ab\u00a0Le grand r\u00e9veil woke s\u2019est achev\u00e9 avec le 7 octobre 2023\u00a0\u00bb<\/a><\/strong>Captives and Companions, par Justin Marozzi (Pegasus Books)<\/p>\n<p class=\"paragraph article-body-paragraph article__item   \">Sur le seul plan des statistiques, la traite arabo-musulmane se compare tristement \u00e0 la traite atlantique, avec une dizaine de millions de victimes. Mais alors que les ouvrages sur le commerce triangulaire ou <a href=\"https:\/\/www.lexpress.fr\/idees-et-debats\/pourquoi-le-christianisme-a-defendu-l-esclavage-avant-de-le-denoncer_2157660.html\" rel=\"noopener\" title=\"https:\/\/www.lexpress.fr\/idees-et-debats\/pourquoi-le-christianisme-a-defendu-l-esclavage-avant-de-le-denoncer_2157660.html\" target=\"_blank\">l\u2019esclavage dans le sud des Etats-Unis<\/a> se comptent par milliers, les historiens sont bien moins nombreux \u00e0 s\u2019\u00eatre pench\u00e9s sur celui au sein des califats arabes comme dans l\u2019Empire ottoman. Une traite bas\u00e9e sur des pr\u00e9jug\u00e9s raciaux, des int\u00e9r\u00eats \u00e9conomiques tout comme des interpr\u00e9tations religieuses, ce qui explique pourquoi un pays comme la Mauritanie n\u2019a officiellement interdit cette pratique d\u00e9shumanisante qu\u2019en\u2026 1981. <\/p>\n<p><strong class=\"article-body-link-list__item text-gray-800 article-body-link-list__item--one-item\">LIRE AUSSI : <a class=\"article-body-link-list__item-link\" href=\"https:\/\/www.lexpress.fr\/idees-et-debats\/justin-marozzi-lesclavage-dans-le-monde-musulman-reste-un-tabou-QCXNPNDPKBDMRE4GWCWIURKD3I\/\" target=\"_blank\" rel=\"noopener\">Justin Marozzi : \u00ab\u00a0L\u2019esclavage dans le monde musulman reste un tabou\u00a0\u00bb<\/a><\/strong><\/p>\n<p class=\"paragraph article-body-paragraph article__item   \">Dans Captives and Companions, l\u2019\u00e9crivain et journaliste Justin Marozzi synth\u00e9tise avec brio ces treize si\u00e8cles d\u2019esclavage. Il souligne les paradoxes du Coran sur le sujet, tout comme le racisme structurel contre les populations noires, toujours pr\u00e9sent au Maghreb ou au Soudan. Mais ce sp\u00e9cialiste du monde arabe, ancien du Financial Times ou de The Economist, montre aussi la diversit\u00e9 et la complexit\u00e9 des situations. Une diff\u00e9rence importante par rapport aux plantations am\u00e9ricaines est que les esclaves dans les pays musulmans pouvaient atteindre des positions tr\u00e8s \u00e9lev\u00e9es, \u00e0 l\u2019image de Bilal ibn Rabah ou Zayd ibn Harithah, qui figurent parmi les premiers compagnons de Mahomet. Aujourd\u2019hui, le sujet reste tabou dans certaines parties du monde musulman, m\u00eame si les mentalit\u00e9s \u00e9voluent. \u00ab\u00a0Le fait est que nous en savons bien moins sur l\u2019esclavage et la traite des esclaves dans le monde islamique que sur la traite atlantique. Il suffit de faire une recherche sur Google pour constater que l\u2019accent est mis sur le commerce triangulaire. La longue, riche et complexe histoire de l\u2019esclavage dans les pays musulmans est bien moins connue. Mais une nouvelle g\u00e9n\u00e9ration de chercheurs est en train de faire \u00e9voluer les mentalit\u00e9s, en particulier dans des pays comme la Turquie, la Tunisie et le Maroc. Il reste encore un long chemin \u00e0 parcourir\u00a0\u00bb, <a href=\"https:\/\/www.lexpress.fr\/idees-et-debats\/justin-marozzi-lesclavage-dans-le-monde-musulman-reste-un-tabou-QCXNPNDPKBDMRE4GWCWIURKD3I\/\" rel=\"noopener\" target=\"_blank\">nous expliquait<\/a> Justin Marozzi. <b>T.M. <\/b><\/p>\n<p>The Age of Diagnosis, par Suzanne O\u2019Sullivan (Hodder)<\/p>\n<p class=\"paragraph article-body-paragraph article__item   \">Salu\u00e9 par la presse anglophone, du <a href=\"https:\/\/www.theguardian.com\/books\/2025\/mar\/12\/the-age-of-diagnosis-by-suzanne-osullivan-review-do-no-harm\" rel=\"noopener\" target=\"_blank\">Guardian<\/a> au <a href=\"https:\/\/www.thetimes.com\/culture\/books\/article\/age-diagnosis-sickness-health-medicine-gone-far-suzanne-osullivan-review-09g0vf905\" rel=\"noopener\" target=\"_blank\">Times<\/a>, en passant par le <a href=\"https:\/\/www.thelancet.com\/journals\/lancet\/article\/PIIS0140-6736(25)00567-7\/abstract?rss=yes\" rel=\"noopener\" target=\"_blank\">Lancet<\/a>, cet essai de la neurologue irlandaise Suzanne O\u2019Sullivan alerte sur le probl\u00e8me m\u00e9connu des surdiagnostics dans diff\u00e9rents domaines : sant\u00e9 mentale, cancers, sympt\u00f4mes chroniques\u2026 \u00ab\u00a0Nous ne sommes pas en train de tomber plus malades, nous attribuons davantage \u00e0 la maladie\u00a0\u00bb, assure Suzanne O\u2019Sullivan. Ce boom des diagnostics n\u2019a, selon elle, pas engendr\u00e9 de progr\u00e8s en mati\u00e8re de sant\u00e9 publique et pr\u00e9sente le risque de pathologiser des personnes de mani\u00e8re excessive ou d\u2019occulter les causes psychosomatiques. La pr\u00e9valence de l\u2019autisme a par exemple explos\u00e9, alimentant les discours antivax comme <a href=\"https:\/\/www.lexpress.fr\/monde\/amerique\/positions-antivax-pourquoi-les-inquietudes-autour-de-la-nomination-de-robert-kennedy-jr-se-WYGOGTQDVBEWZE3PMRPESSMUX4\/\" rel=\"noopener\" target=\"_blank\">celui du ministre de la Sant\u00e9 am\u00e9ricain, Robert Kennedy Jr.<\/a>, qui associe une suppos\u00e9e \u00ab\u00a0\u00e9pid\u00e9mie d\u2019autisme\u00a0\u00bb aux vaccins, oubliant que la d\u00e9finition de ce trouble a consid\u00e9rablement \u00e9t\u00e9 \u00e9largie au fil des ann\u00e9es. Dans les m\u00e9dias, de nouveaux syndromes se sont r\u00e9pandus, comme une forme chronique de la <a href=\"https:\/\/www.lexpress.fr\/sciences-sante\/theories-du-complot-medecins-menaces-maladie-de-lyme-anatomie-de-dix-ans-de-folie-XFTD7CXPUZEKBD23XSSLHLPZM4\/\" rel=\"noopener\" target=\"_blank\">maladie de Lyme<\/a>, alors m\u00eame que les soci\u00e9t\u00e9s savantes sont bien plus r\u00e9serv\u00e9es sur ces diagnostics. \u00ab\u00a0Je suis m\u00e9decin depuis trente-cinq ans. Depuis ce temps, j\u2019ai vu les patients venir me consulter avec des listes de diagnostics m\u00e9dicaux de plus en plus longues. Pourtant, ces personnes ne semblent pas aller mieux, et j\u2019ai souvent l\u2019impression que ces diagnostics ne m\u00e8nent nulle part. Des jeunes viennent aujourd\u2019hui me voir avec parfois une liste de 15 diagnostics. Ce n\u2019\u00e9tait pas le cas il y a trente ans\u00a0\u00bb, <a href=\"https:\/\/www.lexpress.fr\/sciences-sante\/autisme-cancers-covid-long-nous-sommes-alles-trop-loin-dans-certains-diagnostics-476BEMNAVFD2VGQ6KLGUFEHMXU\/\" rel=\"noopener\" target=\"_blank\">constate Suzanne O\u2019Sullivan<\/a>. <b>T.M.<\/b><\/p>\n<p>.<\/p>\n","protected":false},"excerpt":{"rendered":"A L\u2019Express, nous portons une attention particuli\u00e8re \u00e0 l\u2019actualit\u00e9 \u00e9ditoriale internationale, en essayant d\u2019interroger les universitaires, journalistes, scientifiques&hellip;\n","protected":false},"author":2,"featured_media":597782,"comment_status":"","ping_status":"","sticky":false,"template":"","format":"standard","meta":{"footnotes":""},"categories":[1591],"tags":[11,1887,5951,12,1885,1886,132],"class_list":{"0":"post-597781","1":"post","2":"type-post","3":"status-publish","4":"format-standard","5":"has-post-thumbnail","7":"category-russie","8":"tag-actualites","9":"tag-federation-de-russie","10":"tag-idees-et-debats","11":"tag-news","12":"tag-russia","13":"tag-russian-federation","14":"tag-russie"},"share_on_mastodon":{"url":"https:\/\/pubeurope.com\/@fr\/115715396270926999","error":""},"_links":{"self":[{"href":"https:\/\/www.europesays.com\/fr\/wp-json\/wp\/v2\/posts\/597781","targetHints":{"allow":["GET"]}}],"collection":[{"href":"https:\/\/www.europesays.com\/fr\/wp-json\/wp\/v2\/posts"}],"about":[{"href":"https:\/\/www.europesays.com\/fr\/wp-json\/wp\/v2\/types\/post"}],"author":[{"embeddable":true,"href":"https:\/\/www.europesays.com\/fr\/wp-json\/wp\/v2\/users\/2"}],"replies":[{"embeddable":true,"href":"https:\/\/www.europesays.com\/fr\/wp-json\/wp\/v2\/comments?post=597781"}],"version-history":[{"count":0,"href":"https:\/\/www.europesays.com\/fr\/wp-json\/wp\/v2\/posts\/597781\/revisions"}],"wp:featuredmedia":[{"embeddable":true,"href":"https:\/\/www.europesays.com\/fr\/wp-json\/wp\/v2\/media\/597782"}],"wp:attachment":[{"href":"https:\/\/www.europesays.com\/fr\/wp-json\/wp\/v2\/media?parent=597781"}],"wp:term":[{"taxonomy":"category","embeddable":true,"href":"https:\/\/www.europesays.com\/fr\/wp-json\/wp\/v2\/categories?post=597781"},{"taxonomy":"post_tag","embeddable":true,"href":"https:\/\/www.europesays.com\/fr\/wp-json\/wp\/v2\/tags?post=597781"}],"curies":[{"name":"wp","href":"https:\/\/api.w.org\/{rel}","templated":true}]}}