{"id":597785,"date":"2025-12-14T01:48:20","date_gmt":"2025-12-14T01:48:20","guid":{"rendered":"https:\/\/www.europesays.com\/fr\/597785\/"},"modified":"2025-12-14T01:48:20","modified_gmt":"2025-12-14T01:48:20","slug":"usa-deux-morts-et-huit-blesses-graves-apres-une-fusillade-a-la-brown-university-14-12-2025-a-0041","status":"publish","type":"post","link":"https:\/\/www.europesays.com\/fr\/597785\/","title":{"rendered":"USA-Deux morts et huit bless\u00e9s graves apr\u00e8s une fusillade \u00e0 la Brown University &#8211; 14\/12\/2025 \u00e0 00:41"},"content":{"rendered":"<p>\n (Actualis\u00e9 avec pr\u00e9cisions)\n<\/p>\n<p>\n Au moins deux personnes ont \u00e9t\u00e9 tu\u00e9es samedi lors d&rsquo;une<br \/>\nfusillade survenue \u00e0 la Brown University, qui fait partie de la<br \/>\ntr\u00e8s ferm\u00e9e \u00ab\u00a0Ivy League\u00a0\u00bb rassemblant les \u00e9tablissements<br \/>\nsup\u00e9rieurs d&rsquo;\u00e9lite am\u00e9ricains, \u00e0 Providence, dans l&rsquo;Etat de<br \/>\nRhode Island, a d\u00e9clar\u00e9 le maire de la ville.\n<\/p>\n<p>\n Huit personnes ont \u00e9t\u00e9 gri\u00e8vement bless\u00e9es, a indiqu\u00e9 le<br \/>\nmaire de Providence Brett Smiley lors d&rsquo;une conf\u00e9rence de<br \/>\npresse. Aucun suspect n&rsquo;a encore \u00e9t\u00e9 interpell\u00e9, a-t-il ajout\u00e9.\n<\/p>\n<p>\n Le FBI et des responsables f\u00e9d\u00e9raux se sont rendus sur<br \/>\nplace, a d\u00e9clar\u00e9 l&rsquo;Attorney General (ministre de la Justice) Pam<br \/>\nBondi sur le r\u00e9seau social X.\n<\/p>\n<p>\n La cheffe de l&rsquo;information pour la s\u00e9curit\u00e9 publique de la<br \/>\nville de Providence, Kristy DosReis, a fait savoir plus t\u00f4t que<br \/>\nl&rsquo;enqu\u00eate \u00e9tait en cours et que les autorit\u00e9s appelaient la<br \/>\npopulation \u00e0 rester \u00e0 l&rsquo;abri.\n<\/p>\n<p>\n (Chris Prentice, r\u00e9dig\u00e9 par Jason Lange; version fran\u00e7aise<br \/>\nCamille Raynaud)<\/p>\n","protected":false},"excerpt":{"rendered":"(Actualis\u00e9 avec pr\u00e9cisions) Au moins deux personnes ont \u00e9t\u00e9 tu\u00e9es samedi lors d&rsquo;une fusillade survenue \u00e0 la Brown&hellip;\n","protected":false},"author":2,"featured_media":2486,"comment_status":"","ping_status":"","sticky":false,"template":"","format":"standard","meta":{"footnotes":""},"categories":[1589],"tags":[400,11,398,408,405,73,1866,403,402,399,404,12,401,406,1864,1865,1863,308,407],"class_list":{"0":"post-597785","1":"post","2":"type-post","3":"status-publish","4":"format-standard","5":"has-post-thumbnail","7":"category-etats-unis","8":"tag-action-cac-40","9":"tag-actualites","10":"tag-bourse-de-paris","11":"tag-boursorama","12":"tag-cotations","13":"tag-etats-unis","14":"tag-etats-unis-damerique","15":"tag-indices-devises","16":"tag-investir","17":"tag-investissement","18":"tag-marche-boursier","19":"tag-news","20":"tag-sicav","21":"tag-trackers","22":"tag-united-states","23":"tag-united-states-of-america","24":"tag-us","25":"tag-usa","26":"tag-warrants"},"share_on_mastodon":{"url":"https:\/\/pubeurope.com\/@fr\/115715408202690728","error":""},"_links":{"self":[{"href":"https:\/\/www.europesays.com\/fr\/wp-json\/wp\/v2\/posts\/597785","targetHints":{"allow":["GET"]}}],"collection":[{"href":"https:\/\/www.europesays.com\/fr\/wp-json\/wp\/v2\/posts"}],"about":[{"href":"https:\/\/www.europesays.com\/fr\/wp-json\/wp\/v2\/types\/post"}],"author":[{"embeddable":true,"href":"https:\/\/www.europesays.com\/fr\/wp-json\/wp\/v2\/users\/2"}],"replies":[{"embeddable":true,"href":"https:\/\/www.europesays.com\/fr\/wp-json\/wp\/v2\/comments?post=597785"}],"version-history":[{"count":0,"href":"https:\/\/www.europesays.com\/fr\/wp-json\/wp\/v2\/posts\/597785\/revisions"}],"wp:featuredmedia":[{"embeddable":true,"href":"https:\/\/www.europesays.com\/fr\/wp-json\/wp\/v2\/media\/2486"}],"wp:attachment":[{"href":"https:\/\/www.europesays.com\/fr\/wp-json\/wp\/v2\/media?parent=597785"}],"wp:term":[{"taxonomy":"category","embeddable":true,"href":"https:\/\/www.europesays.com\/fr\/wp-json\/wp\/v2\/categories?post=597785"},{"taxonomy":"post_tag","embeddable":true,"href":"https:\/\/www.europesays.com\/fr\/wp-json\/wp\/v2\/tags?post=597785"}],"curies":[{"name":"wp","href":"https:\/\/api.w.org\/{rel}","templated":true}]}}