{"id":597786,"date":"2025-12-14T01:49:13","date_gmt":"2025-12-14T01:49:13","guid":{"rendered":"https:\/\/www.europesays.com\/fr\/597786\/"},"modified":"2025-12-14T01:49:13","modified_gmt":"2025-12-14T01:49:13","slug":"royaume-uni-cette-erreur-avec-vos-dechets-en-decembre-peut-vous-couter-1-000-damende-beaucoup-de-foyers-la-font","status":"publish","type":"post","link":"https:\/\/www.europesays.com\/fr\/597786\/","title":{"rendered":"Royaume-Uni : cette erreur avec vos d\u00e9chets en d\u00e9cembre peut vous co\u00fbter 1 000 \u00a3 d\u2019amende (beaucoup de foyers la font)"},"content":{"rendered":"<p>Au Royaume-Uni, la tr\u00eave hivernale des<br \/>\nbacs verts tourne au casse-t\u00eate : une erreur de tri peut co\u00fbter<br \/>\njusqu\u2019\u00e0 1 000 \u00a3. Comment les m\u00e9nages peuvent-ils \u00e9viter ce pi\u00e8ge en<br \/>\nd\u00e9cembre ?<\/p>\n<p>En d\u00e9cembre, lorsque les collectes de bacs verts s\u2019interrompent<br \/>\nau Royaume-Uni, les habitants se retrouvent avec des sacs de<br \/>\nfeuilles et de branches sans solution \u00e9vidente. Une simple erreur<br \/>\nde poubelle peut alors co\u00fbter tr\u00e8s cher.<\/p>\n<p>Les communes britanniques assimilent le d\u00e9p\u00f4t ill\u00e9gal de d\u00e9chets<br \/>\nde jardin, appel\u00e9 <strong>fly-tipping<\/strong>, \u00e0 un d\u00e9lit passible<br \/>\nd\u2019une <strong>amende 1 000 \u00a3<\/strong>, soit pr\u00e8s de 1 150 \u20ac. En<br \/>\n2023, ce plafond a \u00e9t\u00e9 relev\u00e9 pour renforcer la lutte contre ces<br \/>\nd\u00e9p\u00f4ts sauvages.<\/p>\n<p>D\u00e9chets de jardin : un hiver sous<br \/>\nsurveillance<\/p>\n<p>Pour les \u00e9cologues d\u2019Arbtech, m\u00eame de petits tas de feuilles<br \/>\nnuisent aux \u00e9cosyst\u00e8mes. \u00ab\u00a0M\u00eame de petites quantit\u00e9s de d\u00e9chets de<br \/>\njardin abandonn\u00e9s dans des haies ou des bois peuvent perturber les<br \/>\n\u00e9cosyst\u00e8mes locaux. Composter chez soi ou d\u00e9poser ces d\u00e9chets dans<br \/>\ndes centres de recyclage officiels est la fa\u00e7on la plus s\u00fbre de les<br \/>\ng\u00e9rer tout en prot\u00e9geant la nature et votre communaut\u00e9\u00a0\u00bb, a expliqu\u00e9<br \/>\nun porte-parole d\u2019Arbtech dans le tablo\u00efd Express.<\/p>\n<p>Br\u00fbler ces d\u00e9chets verts ou les glisser dans la poubelle<br \/>\nm\u00e9nag\u00e8re peut contrevenir aux r\u00e8gles locales et d\u00e9gager des fum\u00e9es<br \/>\nnocives. Les communes incitent donc \u00e0 utiliser les centres de<br \/>\nrecyclage ou les points de d\u00e9p\u00f4t officiels, tandis que l&rsquo;\u00c9tat a<br \/>\npr\u00e9vu des amendes illimit\u00e9es pour les entreprises polluantes.<\/p>\n<p>Quand un carton vaut tr\u00e8s cher<\/p>\n<p>\u00c0 Londres, Francesca Poncetta, 32 ans, a vu un carton \u00e0 son nom<br \/>\nretrouv\u00e9 dans la rue apr\u00e8s une collecte de recyclage : \u00ab\u00a0J\u2019ai re\u00e7u<br \/>\nune lettre m\u2019informant qu\u2019ils avaient trouv\u00e9 un morceau de carton<br \/>\nportant mon nom et mon adresse et qu\u2019ils voulaient confirmer qu\u2019il<br \/>\nprovenait bien de chez moi\u00a0\u00bb, se souvient la locataire dans The<br \/>\nDaily Mirror, cit\u00e9e par Demotivateur. Elle ajoute : \u00ab\u00a0Je re\u00e7ois<br \/>\nbeaucoup de cartons pour mon travail, je les d\u00e9chire tous. Il y<br \/>\navait beaucoup de vent ce jour-l\u00e0. Des morceaux ont d\u00fb s\u2019envoler<br \/>\nd\u2019une poubelle pleine\u00a0\u00bb.<\/p>\n<p>Elle a ensuite re\u00e7u une amende de 300 \u00a3 (environ 340 \u20ac). \u00ab\u00a0Au<br \/>\nd\u00e9but, quand j\u2019ai re\u00e7u la lettre, j\u2019ai cru que c\u2019\u00e9tait une blague.<br \/>\nJe pensais qu\u2019ils s\u2019en rendraient compte et l\u2019annuleraient. J\u2019\u00e9tais<br \/>\nvraiment sous le choc\u00a0\u00bb, raconte la principale concern\u00e9e. En<br \/>\nrefusant de payer, la somme a grimp\u00e9 \u00e0 600 \u00a3 (environ 680 \u20ac) : \u00ab\u00a0Si<br \/>\non m\u2019avait factur\u00e9 50 livres sterling (60 euros), je les aurais<br \/>\npay\u00e9s, mais 600 livres sterling, c\u2019est insens\u00e9. Ce n\u2019est pas de<br \/>\nl\u2019argent que je peux me permettre de payer sans raison\u00a0\u00bb, assure<br \/>\nFrancesca. L\u2019amende a finalement \u00e9t\u00e9 annul\u00e9e : \u00ab\u00a0Tout cela a \u00e9t\u00e9 une<br \/>\n\u00e9norme perte de temps et beaucoup de stress pour moi. Et, en tant<br \/>\nqu\u2019ind\u00e9pendante, je n\u2019ai pas de temps \u00e0 perdre\u00a0\u00bb, conclut<br \/>\nl\u2019int\u00e9ress\u00e9e. De son c\u00f4t\u00e9, un porte-parole du conseil municipal<br \/>\ns&rsquo;est exprim\u00e9 \u00e0 ce sujet : \u00ab\u00a0Les r\u00e9sidents ont le devoir de se<br \/>\nd\u00e9barrasser de leurs d\u00e9chets m\u00e9nagers de mani\u00e8re responsable, et<br \/>\ncette amende forfaitaire a \u00e9t\u00e9 inflig\u00e9e apr\u00e8s que le carton a \u00e9t\u00e9<br \/>\ntrouv\u00e9 dans la rue. Les r\u00e9sidents peuvent contester cette d\u00e9cision,<br \/>\ncomme cela a \u00e9t\u00e9 le cas ici. Apr\u00e8s avoir examin\u00e9 les informations<br \/>\nfournies, nous avons d\u00e9cid\u00e9 d&rsquo;annuler l&rsquo;amende forfaitaire. Nos<br \/>\nr\u00e9sidents et nos entreprises ont exig\u00e9 des mesures plus strictes<br \/>\npour lutter contre les d\u00e9chets sauvages et le d\u00e9p\u00f4t sauvage<br \/>\nd&rsquo;ordures afin que nos rues et nos espaces verts restent des lieux<br \/>\nagr\u00e9ables dont tout le monde puisse profiter\u00a0\u00bb.<\/p>\n<p>Les bons r\u00e9flexes pour \u00e9viter<br \/>\nl\u2019amende<\/p>\n<p>Pour \u00e9viter les mauvaises surprises, quelques r\u00e9flexes sont mis<br \/>\nen avant par les sp\u00e9cialistes :<\/p>\n<ul>\n<li>Composter une partie des d\u00e9chets verts.<\/li>\n<li>Utiliser les centres de recyclage locaux.<\/li>\n<li>Ne pas br\u00fbler ni d\u00e9poser les sacs dans la nature ou \u00e0 c\u00f4t\u00e9 des<br \/>\nbacs.<\/li>\n<\/ul>\n","protected":false},"excerpt":{"rendered":"Au Royaume-Uni, la tr\u00eave hivernale des bacs verts tourne au casse-t\u00eate : une erreur de tri peut co\u00fbter&hellip;\n","protected":false},"author":2,"featured_media":597787,"comment_status":"","ping_status":"","sticky":false,"template":"","format":"standard","meta":{"footnotes":""},"categories":[1588],"tags":[11,7087,4708,41238,1777,674,3354,12,8088,473,1853,1851,1850,1852],"class_list":{"0":"post-597786","1":"post","2":"type-post","3":"status-publish","4":"format-standard","5":"has-post-thumbnail","7":"category-royaume-uni","8":"tag-actualites","9":"tag-amende","10":"tag-angleterre","11":"tag-compostage","12":"tag-eu","13":"tag-europe","14":"tag-jardin","15":"tag-news","16":"tag-reglementation","17":"tag-royaume-uni","18":"tag-royaume-uni-de-grande-bretagne-et-dirlande-du-nord","19":"tag-uk","20":"tag-united-kingdom","21":"tag-united-kingdom-of-great-britain-and-northern-ireland"},"share_on_mastodon":{"url":"https:\/\/pubeurope.com\/@fr\/115715412078516216","error":""},"_links":{"self":[{"href":"https:\/\/www.europesays.com\/fr\/wp-json\/wp\/v2\/posts\/597786","targetHints":{"allow":["GET"]}}],"collection":[{"href":"https:\/\/www.europesays.com\/fr\/wp-json\/wp\/v2\/posts"}],"about":[{"href":"https:\/\/www.europesays.com\/fr\/wp-json\/wp\/v2\/types\/post"}],"author":[{"embeddable":true,"href":"https:\/\/www.europesays.com\/fr\/wp-json\/wp\/v2\/users\/2"}],"replies":[{"embeddable":true,"href":"https:\/\/www.europesays.com\/fr\/wp-json\/wp\/v2\/comments?post=597786"}],"version-history":[{"count":0,"href":"https:\/\/www.europesays.com\/fr\/wp-json\/wp\/v2\/posts\/597786\/revisions"}],"wp:featuredmedia":[{"embeddable":true,"href":"https:\/\/www.europesays.com\/fr\/wp-json\/wp\/v2\/media\/597787"}],"wp:attachment":[{"href":"https:\/\/www.europesays.com\/fr\/wp-json\/wp\/v2\/media?parent=597786"}],"wp:term":[{"taxonomy":"category","embeddable":true,"href":"https:\/\/www.europesays.com\/fr\/wp-json\/wp\/v2\/categories?post=597786"},{"taxonomy":"post_tag","embeddable":true,"href":"https:\/\/www.europesays.com\/fr\/wp-json\/wp\/v2\/tags?post=597786"}],"curies":[{"name":"wp","href":"https:\/\/api.w.org\/{rel}","templated":true}]}}