{"id":597788,"date":"2025-12-14T01:50:22","date_gmt":"2025-12-14T01:50:22","guid":{"rendered":"https:\/\/www.europesays.com\/fr\/597788\/"},"modified":"2025-12-14T01:50:22","modified_gmt":"2025-12-14T01:50:22","slug":"un-projet-dattentat-visant-un-marche-de-noel-en-allemagne-dejoue","status":"publish","type":"post","link":"https:\/\/www.europesays.com\/fr\/597788\/","title":{"rendered":"Un projet d&rsquo;attentat visant un march\u00e9 de No\u00ebl en Allemagne d\u00e9jou\u00e9"},"content":{"rendered":"<p><strong>Les autorit\u00e9s allemandes ont annonc\u00e9 samedi avoir arr\u00eat\u00e9 cinq hommes soup\u00e7onn\u00e9s de pr\u00e9parer un attentat \u00e0 la voiture-b\u00e9lier d&rsquo;inspiration islamiste visant un march\u00e9 de No\u00ebl.<\/strong><\/p>\n<p>Un \u00c9gyptien, trois Marocains et un Syrien ont \u00e9t\u00e9 plac\u00e9s en d\u00e9tention vendredi concernant ce projet cens\u00e9 \u00eatre mis en \u0153uvre en Bavi\u00e8re (sud), ont pr\u00e9cis\u00e9 la police et le parquet dans un communiqu\u00e9.<\/p>\n<p>L&rsquo;\u00c9gyptien, \u00e2g\u00e9 de 56 ans, aurait appel\u00e9 dans une mosqu\u00e9e \u00e0 viser un march\u00e9 dans les environs de la ville de Dingolfing-Landau, pr\u00e8s de Munich, en \u00abutilisant un v\u00e9hicule pour tuer ou blesser autant de personnes que possible\u00bb, selon cette source.<\/p>\n<p>Les Marocains, \u00e2g\u00e9s de 22, 28 et 30 ans, auraient accept\u00e9 de perp\u00e9trer l&rsquo;attentat tandis que le Syrien, \u00e2g\u00e9 de 37 ans, les aurait encourag\u00e9s.<\/p>\n<p>Les enqu\u00eateurs ont pr\u00e9cis\u00e9 soup\u00e7onner \u00abune motivation islamiste\u00bb pour ce projet.<\/p>\n<p>Tous les suspects ont \u00e9t\u00e9 pr\u00e9sent\u00e9s \u00e0 un juge samedi et plac\u00e9s en d\u00e9tention.<\/p>\n<p>L&rsquo;an dernier, un attentat \u00e0 la voiture-b\u00e9lier avait fait six morts et plus de 300 bless\u00e9s au march\u00e9 de No\u00ebl \u00e0 Magdebourg, capitale r\u00e9gionale de l&rsquo;est de l&rsquo;Allemagne.<\/p>\n<p>Taleb Jawad al-Abdulmohsen, un Saoudien islamophobe qui a reconnu avoir conduit le v\u00e9hicule fon\u00e7ant sur la foule, est actuellement jug\u00e9 pour cette attaque.<\/p>\n<p>Apr\u00e8s l&rsquo;attentat islamiste contre un march\u00e9 de No\u00ebl de Berlin, qui avait fait 13 morts en 2016, celui commis le 20 d\u00e9cembre 2024 \u00e0 Magdebourg avait de nouveau traumatis\u00e9 l&rsquo;Allemagne et remis les questions de s\u00e9curit\u00e9 au premier plan.<\/p>\n<p>En 2025, quelques villes, dont Overath, pr\u00e8s de Cologne, ont d\u00e9cid\u00e9 d&rsquo;annuler ce march\u00e9 traditionnel en raison du co\u00fbt des mesures de s\u00e9curit\u00e9.<\/p>\n<p>L&rsquo;ann\u00e9e derni\u00e8re, plus de 7000 march\u00e9s de No\u00ebl \u00e0 travers le pays ont attir\u00e9 170 millions de visiteurs, pour des recettes s&rsquo;\u00e9levant \u00e0 4,2 milliards d&rsquo;euros &#8211; soit en moyenne 25 euros environ par visiteur.<\/p>\n","protected":false},"excerpt":{"rendered":"Les autorit\u00e9s allemandes ont annonc\u00e9 samedi avoir arr\u00eat\u00e9 cinq hommes soup\u00e7onn\u00e9s de pr\u00e9parer un attentat \u00e0 la voiture-b\u00e9lier&hellip;\n","protected":false},"author":2,"featured_media":597789,"comment_status":"","ping_status":"","sticky":false,"template":"","format":"standard","meta":{"footnotes":""},"categories":[1587],"tags":[11,672,1804,1805,1803,1777,674,1801,12,1802],"class_list":{"0":"post-597788","1":"post","2":"type-post","3":"status-publish","4":"format-standard","5":"has-post-thumbnail","7":"category-allemagne","8":"tag-actualites","9":"tag-allemagne","10":"tag-bundesrepublik-deutschland","11":"tag-de","12":"tag-deutschland","13":"tag-eu","14":"tag-europe","15":"tag-germany","16":"tag-news","17":"tag-republique-federale-dallemagne"},"share_on_mastodon":{"url":"https:\/\/pubeurope.com\/@fr\/115715415992986754","error":""},"_links":{"self":[{"href":"https:\/\/www.europesays.com\/fr\/wp-json\/wp\/v2\/posts\/597788","targetHints":{"allow":["GET"]}}],"collection":[{"href":"https:\/\/www.europesays.com\/fr\/wp-json\/wp\/v2\/posts"}],"about":[{"href":"https:\/\/www.europesays.com\/fr\/wp-json\/wp\/v2\/types\/post"}],"author":[{"embeddable":true,"href":"https:\/\/www.europesays.com\/fr\/wp-json\/wp\/v2\/users\/2"}],"replies":[{"embeddable":true,"href":"https:\/\/www.europesays.com\/fr\/wp-json\/wp\/v2\/comments?post=597788"}],"version-history":[{"count":0,"href":"https:\/\/www.europesays.com\/fr\/wp-json\/wp\/v2\/posts\/597788\/revisions"}],"wp:featuredmedia":[{"embeddable":true,"href":"https:\/\/www.europesays.com\/fr\/wp-json\/wp\/v2\/media\/597789"}],"wp:attachment":[{"href":"https:\/\/www.europesays.com\/fr\/wp-json\/wp\/v2\/media?parent=597788"}],"wp:term":[{"taxonomy":"category","embeddable":true,"href":"https:\/\/www.europesays.com\/fr\/wp-json\/wp\/v2\/categories?post=597788"},{"taxonomy":"post_tag","embeddable":true,"href":"https:\/\/www.europesays.com\/fr\/wp-json\/wp\/v2\/tags?post=597788"}],"curies":[{"name":"wp","href":"https:\/\/api.w.org\/{rel}","templated":true}]}}