{"id":597792,"date":"2025-12-14T01:52:27","date_gmt":"2025-12-14T01:52:27","guid":{"rendered":"https:\/\/www.europesays.com\/fr\/597792\/"},"modified":"2025-12-14T01:52:27","modified_gmt":"2025-12-14T01:52:27","slug":"la-ville-deu-confirme-pas-moins-de-3-labels","status":"publish","type":"post","link":"https:\/\/www.europesays.com\/fr\/597792\/","title":{"rendered":"La Ville d&rsquo;Eu confirme pas moins de 3 labels"},"content":{"rendered":"<p>                    Par<br \/>\n        <strong><br \/>\n            <a href=\"https:\/\/actu.fr\/auteur\/redaction-informateur\" title=\"Consulter tous les articles de R\u00e9daction Eu\" rel=\"nofollow noopener\" target=\"_blank\">R\u00e9daction Eu<\/a><br \/>\n                    <\/strong><\/p>\n<p>        Publi\u00e9 le<\/p>\n<p>            13 d\u00e9c. 2025 \u00e0 20h16        <\/p>\n<p data-end=\"348\">En cette fin d\u2019ann\u00e9e, quoi de mieux que le cadre du march\u00e9 de No\u00ebl d\u2019<a href=\"https:\/\/actu.fr\/normandie\/eu_76255\" rel=\"nofollow noopener\" target=\"_blank\">Eu<\/a>, en Seine-Maritime, pour pr\u00e9senter officiellement non pas un, ni deux, mais trois labels ?\u00a0 Une c\u00e9r\u00e9monie a \u00e9t\u00e9 organis\u00e9e pour pr\u00e9senter ces distinctions concernant la s\u00e9curit\u00e9 routi\u00e8re ou encore le fleurissement.\u00a0<\/p>\n<p>Mention 3 c\u0153urs pour la s\u00e9curit\u00e9 routi\u00e8re<\/p>\n<p data-end=\"1046\" class=\" wall-content\">Alors qu\u2019elle a re\u00e7u le label \u00ab Ville prudente \u00bb pour la premi\u00e8re fois en 2019, la cit\u00e9 eudoise s\u2019est vu d\u00e9cerner par l\u2019association Pr\u00e9vention Routi\u00e8re un troisi\u00e8me c\u0153ur (sur cinq possibles), valable pour les trois prochaines ann\u00e9es. Ce label valorise l\u2019engagement de la municipalit\u00e9 dans la lutte contre l\u2019ins\u00e9curit\u00e9 routi\u00e8re et, plus sp\u00e9cifiquement, le travail men\u00e9 de concert par les services techniques, le service communication et la police municipale.<\/p>\n<p data-end=\"1046\" class=\" wall-content\">Parmi les actions r\u00e9alis\u00e9es, on peut citer la mat\u00e9rialisation lumineuse des passages pi\u00e9tons la nuit et une signal\u00e9tique renforc\u00e9e aux abords de deux passages jug\u00e9s potentiellement dangereux.<\/p>\n<p>Une ville qui bouge<\/p>\n<p data-end=\"1613\" class=\" wall-content\">Vint ensuite le tour du label \u00ab Ville active et sportive \u00bb, pour lequel la ville a \u00e9t\u00e9 confort\u00e9e dans ses deux lauriers (sur quatre possibles), \u00e9galement valables pour les trois prochaines ann\u00e9es.<\/p>\n<p data-end=\"1613\" class=\" wall-content\">Attribu\u00e9 selon des crit\u00e8res tr\u00e8s pr\u00e9cis, ce label vise \u00e0 mettre en valeur la politique sportive de la ville, en particulier la densit\u00e9 et la qualit\u00e9 des \u00e9quipements sportifs, la diversit\u00e9 des associations sportives et le travail qu\u2019elles m\u00e8nent pour organiser des manifestations et offrir au plus grand nombre de bonnes conditions de pratique.<\/p>\n<p>\u00ab Un poumon vert \u00bb<\/p>\n<p data-end=\"2308\" class=\" wall-content\">Enfin, la ville a confirm\u00e9 une nouvelle fois sa quatri\u00e8me fleur dans le cadre du label \u00ab Ville fleurie \u00bb, d\u00e9cern\u00e9 par le Conseil national des villes et villages fleuris. Pour obtenir, et surtout faire durer ce label, \u00ab il ne suffit pas de planter des fleurs partout \u00bb, comme le rel\u00e8ve le maire <b>Michel Barbier<\/b>, mais de \u00ab faire en sorte que la ville soit un poumon vert \u00bb. Plus concr\u00e8tement, il est n\u00e9cessaire d\u2019engager une politique volontariste en vue de favoriser la biodiversit\u00e9, de limiter l\u2019impact sur les ressources en eau et de cr\u00e9er des zones de fra\u00eecheur et de rencontres, pour un avenir plus vert, plus durable, plus r\u00e9silient face aux changements climatiques.<\/p>\n<p data-end=\"2611\" class=\" wall-content\">Le maire a conclu son discours en remerciant chaleureusement l\u2019ensemble des services municipaux concern\u00e9s, \u00ab dont le travail, parfois discret, fait rayonner la ville \u00bb et contribue \u00e0 la p\u00e9rennisation de ces labels qui exercent \u00ab un impact positif sur le dynamisme et l\u2019attractivit\u00e9 de notre commune \u00bb.<\/p>\n<p class=\" wall-content\">Personnalisez votre actualit\u00e9 en ajoutant vos villes et m\u00e9dias en favori avec <a href=\"https:\/\/moncompte.actu.fr\" title=\"D\u00e9couvez Mon Actu\" rel=\"nofollow noopener\" data-trk=\"{&quot;cta&quot;:{&quot;action&quot;:&quot;https:\\\/\\\/moncompte.actu.fr&quot;,&quot;category&quot;:&quot;mon compte&quot;,&quot;from&quot;:&quot;article footer&quot;,&quot;name&quot;:&quot;Mon actu&quot;,&quot;type&quot;:&quot;cta&quot;}}\" target=\"_blank\">Mon Actu<\/a>.<\/p>\n","protected":false},"excerpt":{"rendered":"Par R\u00e9daction Eu Publi\u00e9 le 13 d\u00e9c. 2025 \u00e0 20h16 En cette fin d\u2019ann\u00e9e, quoi de mieux que&hellip;\n","protected":false},"author":2,"featured_media":597793,"comment_status":"","ping_status":"","sticky":false,"template":"","format":"standard","meta":{"footnotes":""},"categories":[1586],"tags":[11,1777,674,1779,1011,27,12,52,25,5009,1778,364,3587],"class_list":{"0":"post-597792","1":"post","2":"type-post","3":"status-publish","4":"format-standard","5":"has-post-thumbnail","7":"category-europe","8":"tag-actualites","9":"tag-eu","10":"tag-europe","11":"tag-european-union","12":"tag-fr","13":"tag-france","14":"tag-news","15":"tag-planete","16":"tag-republique-francaise","17":"tag-securite-routiere","18":"tag-ue","19":"tag-union-europeenne","20":"tag-villes-soeurs"},"share_on_mastodon":{"url":"https:\/\/pubeurope.com\/@fr\/115715423898486382","error":""},"_links":{"self":[{"href":"https:\/\/www.europesays.com\/fr\/wp-json\/wp\/v2\/posts\/597792","targetHints":{"allow":["GET"]}}],"collection":[{"href":"https:\/\/www.europesays.com\/fr\/wp-json\/wp\/v2\/posts"}],"about":[{"href":"https:\/\/www.europesays.com\/fr\/wp-json\/wp\/v2\/types\/post"}],"author":[{"embeddable":true,"href":"https:\/\/www.europesays.com\/fr\/wp-json\/wp\/v2\/users\/2"}],"replies":[{"embeddable":true,"href":"https:\/\/www.europesays.com\/fr\/wp-json\/wp\/v2\/comments?post=597792"}],"version-history":[{"count":0,"href":"https:\/\/www.europesays.com\/fr\/wp-json\/wp\/v2\/posts\/597792\/revisions"}],"wp:featuredmedia":[{"embeddable":true,"href":"https:\/\/www.europesays.com\/fr\/wp-json\/wp\/v2\/media\/597793"}],"wp:attachment":[{"href":"https:\/\/www.europesays.com\/fr\/wp-json\/wp\/v2\/media?parent=597792"}],"wp:term":[{"taxonomy":"category","embeddable":true,"href":"https:\/\/www.europesays.com\/fr\/wp-json\/wp\/v2\/categories?post=597792"},{"taxonomy":"post_tag","embeddable":true,"href":"https:\/\/www.europesays.com\/fr\/wp-json\/wp\/v2\/tags?post=597792"}],"curies":[{"name":"wp","href":"https:\/\/api.w.org\/{rel}","templated":true}]}}