{"id":597803,"date":"2025-12-14T02:03:11","date_gmt":"2025-12-14T02:03:11","guid":{"rendered":"https:\/\/www.europesays.com\/fr\/597803\/"},"modified":"2025-12-14T02:03:11","modified_gmt":"2025-12-14T02:03:11","slug":"loudeac-omnium-de-noel-13-decembre-2025-classement-piste-velopressecollection","status":"publish","type":"post","link":"https:\/\/www.europesays.com\/fr\/597803\/","title":{"rendered":"Loud\u00e9ac Omnium de No\u00ebl 13 d\u00e9cembre 2025 classement piste &#8211; Velopressecollection"},"content":{"rendered":"<ol>\n<li><a href=\"https:\/\/news.google.com\/rss\/articles\/CBMiygFBVV95cUxQX0NWTE1wMkdRLXJSVENEaDNxVnE0SElYSWt3NFA4cTZKd2hZb1FxZEhyY3pBQWRJSHdPTjM3OGhmWThVWVVoRUY5U1dNSGRveWlXb0VZUkd1Z0FSUXhHT2xWNG9CMW5RUDFqbDJNbE0tSjNqeUg0THJ1emlob203SEtIaDAwdjBjSjM1c0Rva0RueEZFQldSX2JFM1drYm8zTHJMSDJ5SWJxajRCNTg3em9wMFk0WE1fcGhGT0IzMF9ZQ1VDTlNjVVhn?oc=5\" target=\"_blank\" rel=\"noopener\">Loud\u00e9ac Omnium de No\u00ebl 13 d\u00e9cembre 2025 classement piste<\/a>&nbsp;&nbsp;Velopressecollection<\/li>\n<li><a href=\"https:\/\/news.google.com\/rss\/articles\/CBMipwJBVV95cUxQV0xqMHRaNDQyTzZHb21jSmphUmNyQ003N21aa2tVcGZYS2hOVW5SQjZqYXBINDVOT0VkZjBFRWo0SnAxci03T0h0SUFYVWRBekVCUWRrajdUMTlyUjluNHFmLUpQSFFENnJBQ1lVa0w1U0dMY3RTOTNMOFlTTjVkWjdDUGhUSm90TXZyQVVKeE1Nb0Z1dG5WZGtnNnI2V2F5S1lTR0tLMGVSdm0yeS00QkNiMTRkalA5ZlYweTV4dnpiMldjYVFfREVSN0UwREtVODMwdllZWGVkcDRDWldFZ1JWaWZucmxrSEFZSFpQNWxUQkd4ZVJkOW5iVXcxdGhoNU0tNjRaWU1oMWtLN0VPUDNfX1hPcWpKcFNjQXJKelUwcXQyVVNn?oc=5\" target=\"_blank\" rel=\"noopener\">Que faire ce week-end des samedi 13 et dimanche 14 d\u00e9cembre dans les C\u00f4tes-d\u2019Armor ? Voici nos sept id\u00e9es de sortie<\/a>&nbsp;&nbsp;Ouest-France<\/li>\n<li><a href=\"https:\/\/news.google.com\/rss\/articles\/CBMizgFBVV95cUxPX1BfWHN6enBaNGQwdnVjWldNeE1uaTRtaldkOUtDdjRIV0JvX0V2dEdXcnVzeDh1X2lhVGU3c2t4cVl3a1BfTFR6SlJvaUNxdjJWZHRYLXBEb3hEbzRRQlhYcnc4N0VKT0RveVV6c2plUy0xUDRYN3o3UXkxd3ctbUdEZzhsMVhOQ1pGUGpZMF8yZTNDMkg1RnYwcXY5U0JrVF9NQm54amUtZThLb1p0X0U0RG5TdnBkaTN0b2lEQnNhcWROelotVWNvcGpUUQ?oc=5\" target=\"_blank\" rel=\"noopener\">Que faire \u00e0 Loud\u00e9ac et alentour ce week-end des 13 et 14 d\u00e9cembre ?<\/a>&nbsp;&nbsp;Le T\u00e9l\u00e9gramme<\/li>\n<li><a href=\"https:\/\/news.google.com\/rss\/articles\/CBMisgFBVV95cUxPRmJ0MzV5Ym5GbUZxanZTb3h0akJrdThfMGg2NGRKcVhZekt1WllieTVHZ1hCbU5qc2FLckFpN2NzYlNuUTlkNW1pdl9TMDlvN2JaX1F4Z2FmOUptTzdTYnQxbTJqQ2ZsVUZVdDBXYjNmaTU4N2pKZExfUXd5dlNLVzlHRG5kYng0a3IxbkpEVDRCZE5yMldOMmlTN0lHUjZXN3dGS1FCM2M1Nm1VNW9obnp3?oc=5\" target=\"_blank\" rel=\"noopener\">C\u00f4tes-d&rsquo;Armor : pas de tracteurs au march\u00e9 de No\u00ebl cette ann\u00e9e<\/a>&nbsp;&nbsp;Actu.fr<\/li>\n<li><a href=\"https:\/\/news.google.com\/rss\/articles\/CBMi0wFBVV95cUxQckVMa0laVENEaWpycWpkaXlPY3FIcFVpMFB2eHZncDVaOTJ4VGJOZUo2NENJQXVDRHl6Tl9Ed1pOQm5YUFhCMGxFLUktOHRpT0tSa0d2Sm12S2Vhdkp3X3FVSlB6RllKdFd2RllxR2JRMnU5c2tFdlRnbC04dlhWTG5KY1JoRkZkWWZGemR1UHFOQU52MXh5UjlTRnRqNGVvT0V3N1puX2dQSTlyb0M2YlJCYWF4QUVKa2JmVHNXLTBGNTNtNEtKZXJOOUpXRlEwM1U0?oc=5\" target=\"_blank\" rel=\"noopener\">La carte des march\u00e9s de No\u00ebl en pays de Loud\u00e9ac ces 13 et 14 d\u00e9cembre<\/a>&nbsp;&nbsp;Le T\u00e9l\u00e9gramme<\/li>\n<\/ol>\n","protected":false},"excerpt":{"rendered":"Loud\u00e9ac Omnium de No\u00ebl 13 d\u00e9cembre 2025 classement piste&nbsp;&nbsp;Velopressecollection Que faire ce week-end des samedi 13 et dimanche&hellip;\n","protected":false},"author":2,"featured_media":597804,"comment_status":"","ping_status":"","sticky":false,"template":"","format":"standard","meta":{"footnotes":""},"categories":[1411],"tags":[1154,207,1011,27,60],"class_list":{"0":"post-597803","1":"post","2":"type-post","3":"status-publish","4":"format-standard","5":"has-post-thumbnail","7":"category-cyclisme","8":"tag-cycling","9":"tag-cyclisme","10":"tag-fr","11":"tag-france","12":"tag-sports"},"share_on_mastodon":{"url":"https:\/\/pubeurope.com\/@fr\/115715467241794702","error":""},"_links":{"self":[{"href":"https:\/\/www.europesays.com\/fr\/wp-json\/wp\/v2\/posts\/597803","targetHints":{"allow":["GET"]}}],"collection":[{"href":"https:\/\/www.europesays.com\/fr\/wp-json\/wp\/v2\/posts"}],"about":[{"href":"https:\/\/www.europesays.com\/fr\/wp-json\/wp\/v2\/types\/post"}],"author":[{"embeddable":true,"href":"https:\/\/www.europesays.com\/fr\/wp-json\/wp\/v2\/users\/2"}],"replies":[{"embeddable":true,"href":"https:\/\/www.europesays.com\/fr\/wp-json\/wp\/v2\/comments?post=597803"}],"version-history":[{"count":0,"href":"https:\/\/www.europesays.com\/fr\/wp-json\/wp\/v2\/posts\/597803\/revisions"}],"wp:featuredmedia":[{"embeddable":true,"href":"https:\/\/www.europesays.com\/fr\/wp-json\/wp\/v2\/media\/597804"}],"wp:attachment":[{"href":"https:\/\/www.europesays.com\/fr\/wp-json\/wp\/v2\/media?parent=597803"}],"wp:term":[{"taxonomy":"category","embeddable":true,"href":"https:\/\/www.europesays.com\/fr\/wp-json\/wp\/v2\/categories?post=597803"},{"taxonomy":"post_tag","embeddable":true,"href":"https:\/\/www.europesays.com\/fr\/wp-json\/wp\/v2\/tags?post=597803"}],"curies":[{"name":"wp","href":"https:\/\/api.w.org\/{rel}","templated":true}]}}