{"id":597805,"date":"2025-12-14T02:04:14","date_gmt":"2025-12-14T02:04:14","guid":{"rendered":"https:\/\/www.europesays.com\/fr\/597805\/"},"modified":"2025-12-14T02:04:14","modified_gmt":"2025-12-14T02:04:14","slug":"eirik-horneland-pret-a-ouvrir-la-porte-a-son-limogeage","status":"publish","type":"post","link":"https:\/\/www.europesays.com\/fr\/597805\/","title":{"rendered":"Eirik Horneland pr\u00eat \u00e0 ouvrir la porte \u00e0 son\u00a0limogeage\u00a0?"},"content":{"rendered":"<p><strong>\u00c0 l\u2019issue de la rencontre disput\u00e9e entre l\u2019AS Saint-\u00c9tienne et le SC Bastia \u00e0 Geoffroy-Guichard, les entra\u00eeneurs Eirik Horneland et R\u00e9ginald Ray se sont exprim\u00e9s devant les cam\u00e9ras de <a href=\"https:\/\/www.beinsports.com\/fr-fr\" target=\"_blank\" rel=\"noopener\">beIN Sports<\/a>. Le technicien st\u00e9phanois a livr\u00e9 son analyse du match <a href=\"https:\/\/peuple-vert.fr\/asse-actualite\/ligue-2-asse-bastia-resume\/\" target=\"_blank\" rel=\"noopener\">apr\u00e8s ce frustrant nul (2-2)<\/a>, tandis que son homologue bastiais est \u00e9galement revenu sur la prestation de son \u00e9quipe. Retour sur les principales d\u00e9clarations des deux coachs apr\u00e8s cette journ\u00e9e de Ligue 2.<\/strong><\/p>\n<p data-start=\"521\" data-end=\"545\"><strong>R\u00e9ginald Ray (Bastia) :<\/strong> \u00ab\u00a0C\u2019est un bon point, compte tenu de notre situation et du d\u00e9roul\u00e9 du match. M\u00eame si, \u00e9videmment, j\u2019aurais aim\u00e9 que l\u2019on aille un peu plus au bout de nos offensives en deuxi\u00e8me mi-temps pour les mettre davantage en difficult\u00e9. On savait aussi quelle \u00e9quipe on affrontait, dans ce magnifique stade et avec cette ambiance. Je suis satisfait du point pris, m\u00eame s\u2019il reste un l\u00e9ger regret.<\/p>\n<p data-start=\"638\" data-end=\"1058\">Sur le plan d\u00e9fensif, il fallait \u00eatre compacts et intelligents. L\u2019id\u00e9e \u00e9tait de bien d\u00e9fendre, puis, quand on parvenait \u00e0 les faire reculer, d\u2019aller presser un peu plus haut. Nous avions aussi besoin, par moments, de conserver le ballon pour respirer et les faire courir. On n\u2019a pas eu assez de temps de possession dans le match, mais malgr\u00e9 tout, sur l\u2019ensemble, ce point est tr\u00e8s positif et il va nous faire du bien.<\/p>\n<p data-start=\"1060\" data-end=\"1416\">Il faut aussi remettre ce match dans une continuit\u00e9. La semaine derni\u00e8re d\u00e9j\u00e0, pendant une heure, on avait montr\u00e9 de bonnes choses. C\u2019est important de regarder ce que l\u2019on d\u00e9gage, m\u00eame avec nos manques actuels. La difficult\u00e9, dans ce genre de situation, c\u2019est l\u2019\u00e9tat d\u2019esprit. Et l\u00e0-dessus, les gar\u00e7ons r\u00e9pondent pr\u00e9sents. C\u2019est essentiel que \u00e7a perdure.\u00a0\u00bb<\/p>\n<p>\u00ab\u00a0Ce groupe traverse des moments difficiles depuis le d\u00e9but de saison\u00a0\u00bb<\/p>\n<p data-start=\"1418\" data-end=\"1833\">\u00ab\u00a0J\u2019ai envie de dire que la grosse victoire de la semaine, elle est l\u00e0. Beaucoup de choses \u00e9taient contre nous et on aurait pu imaginer que cela affecte le groupe. \u00c7a ne s\u2019est pas vu ce soir. Les joueurs ont r\u00e9pondu pr\u00e9sent et ont presque r\u00e9ussi \u00e0 faire du match face au Red Star et de ses cons\u00e9quences une parenth\u00e8se de plus dans la saison. C\u2019\u00e9tait l\u2019objectif : trouver une continuit\u00e9 dans l\u2019\u00e9tat d\u2019esprit affich\u00e9.<\/p>\n<p data-start=\"1835\" data-end=\"2266\">Ce groupe traverse des moments difficiles depuis le d\u00e9but de saison, avec beaucoup de vents contraires et des matchs qui n\u2019ont pas toujours tourn\u00e9 en notre faveur, m\u00eame avant mon arriv\u00e9e. Dans cette difficult\u00e9, je veux surtout que l\u2019on affronte les choses, que l\u2019on bombe le torse et que l\u2019on r\u00e9cup\u00e8re petit \u00e0 petit de l\u2019\u00e9nergie et de la confiance. On va aussi r\u00e9cup\u00e9rer des bless\u00e9s, et c\u2019est important pour renforcer l\u2019effectif.<\/p>\n<p data-start=\"2697\" data-end=\"3017\">J\u2019accepte pleinement la mission qui m\u2019est confi\u00e9e. C\u2019est un d\u00e9fi important, mais je suis convaincu qu\u2019il y a des ressources dans ce groupe. En Corse, dans ce genre de situation, on sait trouver de l\u2019\u00e9nergie. Il faudra aussi renforcer l\u2019effectif et r\u00e9cup\u00e9rer des joueurs, car l\u2019\u00e9nergie seule ne suffit pas sur la dur\u00e9e.<\/p>\n<p data-start=\"3019\" data-end=\"3345\">Concernant les supporters, on aura besoin d\u2019eux. Ce qui s\u2019est pass\u00e9 r\u00e9cemment est un acte isol\u00e9. Ils \u00e9taient 13 000 contre le Red Star alors que l\u2019\u00e9quipe \u00e9tait derni\u00e8re, \u00e7a veut tout dire. J\u2019esp\u00e8re que le club ne sera pas trop p\u00e9nalis\u00e9, car ni les joueurs ni le club ne le m\u00e9ritent. On va attendre de voir ce qui se passe.\u00a0\u00bb<\/p>\n<p>Horneland (ASSE) : \u00ab\u00a0J\u2019ai vraiment le sentiment que l\u2019on est mis \u00e0 l\u2019\u00e9preuve\u00a0\u00bb<\/p>\n<p data-start=\"589\" data-end=\"627\"><strong>Eirik Horneland (ASSE) : <\/strong>\u00ab\u00a0Je suis en col\u00e8re. J\u2019ai vraiment le sentiment que l\u2019on est mis \u00e0 l\u2019\u00e9preuve. Les vingt premi\u00e8res minutes \u00e9taient bonnes, jusqu\u2019\u00e0 ce que l\u2019on encaisse ce but. \u00c0 partir de l\u00e0, on a perdu du rythme. On parvient \u00e0 revenir avec un tr\u00e8s beau but de David A\u00efdaoui, sur une belle passe, mais juste avant la mi-temps, on encaisse de nouveau et on perd confiance.<\/p>\n<p data-start=\"540\" data-end=\"978\">En deuxi\u00e8me p\u00e9riode, jusqu\u2019\u00e0 la 75e minute, on a surtout lutt\u00e9 contre nous-m\u00eames. Il y avait un manque de confiance \u00e9vident et on avait du mal \u00e0 retrouver le bon rythme. Ce n\u2019est que sur la fin du match, quand El Jamali a apport\u00e9 plus d\u2019intensit\u00e9, que l\u2019on a mieux jou\u00e9. On obtient le penalty, on a l\u2019opportunit\u00e9 de faire basculer le match, mais on ne la saisit pas. C\u2019est pour \u00e7a que je dis que cette \u00e9quipe est mise \u00e0 l&rsquo;\u00e9preuve.<\/p>\n<p data-start=\"980\" data-end=\"1367\">On avait pourtant bien d\u00e9marr\u00e9, avec un bon rythme, une bonne circulation du ballon, la capacit\u00e9 \u00e0 changer le jeu et \u00e0 trouver des espaces pour attaquer. Si on avait poursuivi dans cette voie, on aurait pu \u00eatre dangereux. Mais \u00e0 chaque but encaiss\u00e9, on a souffert mentalement. Il a fallu sans cesse repartir de z\u00e9ro, retrouver un rythme plus calme, plus stable, et ce n\u2019est pas simple.<\/p>\n<p data-start=\"1369\" data-end=\"1766\">Si on fait le bilan, Saint-\u00c9tienne est une \u00e9quipe capable de marquer beaucoup de buts, mais aussi d\u2019en encaisser beaucoup trop. Quand on analyse les buts conc\u00e9d\u00e9s, il y a souvent des situations \u00e9tranges, des moments qui cassent compl\u00e8tement le rythme. Tout au long de la saison, d\u00e8s que l\u2019on essaie d\u2019encha\u00eener, on subit un revers. C\u2019est pour cela que je parle d\u2019une \u00e9quipe test\u00e9e en permanence.\u00a0\u00bb<\/p>\n<p>\u00ab\u00a0Que ce soit avec moi ou quelqu\u2019un d\u2019autre, il faudra trouver cet \u00e9quilibre\u00a0\u00bb<\/p>\n<p data-start=\"1768\" data-end=\"2071\">\u00ab\u00a0On devrait avoir de meilleures performances et plus de points. On doit gagner des marges. On ne peut pas se permettre de donner des buts comme sur le premier et le deuxi\u00e8me, sur des situations a\u00e9riennes ou au sol que l\u2019on doit mieux g\u00e9rer. Il faut gagner ces moments, pas les perdre.<\/p>\n<p data-start=\"2073\" data-end=\"2509\">Le d\u00e9fi est clair : encha\u00eener des matchs sans encaisser de but pour cr\u00e9er de la confiance. On marque suffisamment, mais on encaisse trop. Tous nos matchs deviennent \u00e9quilibr\u00e9s parce qu\u2019on ne trouve pas le bon compromis. Il faut marquer, oui, mais surtout arr\u00eater de souffrir autant d\u00e9fensivement. Et sur ce point, peu importe la personne : que ce soit avec moi ou quelqu\u2019un d\u2019autre, il faudra trouver cet \u00e9quilibre. La cl\u00e9 est l\u00e0.\u00a0\u00bb<\/p>\n<p data-start=\"589\" data-end=\"627\"><strong>\u00a0<\/strong><\/p>\n<p>\u00a0<\/p>\n","protected":false},"excerpt":{"rendered":"\u00c0 l\u2019issue de la rencontre disput\u00e9e entre l\u2019AS Saint-\u00c9tienne et le SC Bastia \u00e0 Geoffroy-Guichard, les entra\u00eeneurs Eirik&hellip;\n","protected":false},"author":2,"featured_media":597806,"comment_status":"","ping_status":"","sticky":false,"template":"","format":"standard","meta":{"footnotes":""},"categories":[1410],"tags":[63,1011,27,60],"class_list":{"0":"post-597805","1":"post","2":"type-post","3":"status-publish","4":"format-standard","5":"has-post-thumbnail","7":"category-football","8":"tag-football","9":"tag-fr","10":"tag-france","11":"tag-sports"},"share_on_mastodon":{"url":"https:\/\/pubeurope.com\/@fr\/115715471123975021","error":""},"_links":{"self":[{"href":"https:\/\/www.europesays.com\/fr\/wp-json\/wp\/v2\/posts\/597805","targetHints":{"allow":["GET"]}}],"collection":[{"href":"https:\/\/www.europesays.com\/fr\/wp-json\/wp\/v2\/posts"}],"about":[{"href":"https:\/\/www.europesays.com\/fr\/wp-json\/wp\/v2\/types\/post"}],"author":[{"embeddable":true,"href":"https:\/\/www.europesays.com\/fr\/wp-json\/wp\/v2\/users\/2"}],"replies":[{"embeddable":true,"href":"https:\/\/www.europesays.com\/fr\/wp-json\/wp\/v2\/comments?post=597805"}],"version-history":[{"count":0,"href":"https:\/\/www.europesays.com\/fr\/wp-json\/wp\/v2\/posts\/597805\/revisions"}],"wp:featuredmedia":[{"embeddable":true,"href":"https:\/\/www.europesays.com\/fr\/wp-json\/wp\/v2\/media\/597806"}],"wp:attachment":[{"href":"https:\/\/www.europesays.com\/fr\/wp-json\/wp\/v2\/media?parent=597805"}],"wp:term":[{"taxonomy":"category","embeddable":true,"href":"https:\/\/www.europesays.com\/fr\/wp-json\/wp\/v2\/categories?post=597805"},{"taxonomy":"post_tag","embeddable":true,"href":"https:\/\/www.europesays.com\/fr\/wp-json\/wp\/v2\/tags?post=597805"}],"curies":[{"name":"wp","href":"https:\/\/api.w.org\/{rel}","templated":true}]}}