{"id":597807,"date":"2025-12-14T02:05:16","date_gmt":"2025-12-14T02:05:16","guid":{"rendered":"https:\/\/www.europesays.com\/fr\/597807\/"},"modified":"2025-12-14T02:05:16","modified_gmt":"2025-12-14T02:05:16","slug":"karine-le-marchand-prend-la-parole-apres-avoir-soutenu-veronika-loubry-endeuillee-par-la-mort-de-son-compagnon-gerard-kadoche","status":"publish","type":"post","link":"https:\/\/www.europesays.com\/fr\/597807\/","title":{"rendered":"Karine Le Marchand prend la parole apr\u00e8s avoir soutenu V\u00e9ronika Loubry, endeuill\u00e9e par la mort de son compagnon G\u00e9rard Kadoche"},"content":{"rendered":"<p>Ce samedi 13 d\u00e9cembre, Karine Le Marchand a pris la parole sur les r\u00e9seaux sociaux concernant la disparition de G\u00e9rard Kadoche, le compagnon de son amie V\u00e9ronika Loubry.<\/p>\n<p>V\u00e9ronika Loubry est en deuil. En fin de semaine, l&rsquo;animatrice a annonc\u00e9 la disparition de son compagnon G\u00e9rard Kadoche. <a href=\"https:\/\/www.programme-tv.net\/news\/people\/393941-l-amour-de-ma-vie-s-en-est-alle-veronika-loubry-annonce-le-deces-de-son-compagnon-gerard-kadoche\/\" data-api-deeplink=\"teleloisirs:\/\/news\/393941\" target=\"_blank\" rel=\"noopener\">Le producteur fran\u00e7ais s&rsquo;est \u00e9teint dans la nuit du mercredi 10 au jeudi 11 d\u00e9cembre \u00e0 l&rsquo;\u00e2ge de 61 ans<\/a>. Il \u00e9tait atteint d&rsquo;un cancer du pancr\u00e9as depuis 2023. \u00ab\u00a0L&rsquo;amour de ma vie s&rsquo;en est all\u00e9, apr\u00e8s deux ans et 9 mois d&rsquo;un combat que personne ne devrait affronter. Il est parti cette nuit laissant derri\u00e8re lui un silence immense, mais aussi la trace ind\u00e9l\u00e9bile de son courage\u00a0\u00bb, a confi\u00e9 V\u00e9ronika Loubry sur les r\u00e9seaux sociaux avant d&rsquo;\u00e9voquer <a href=\"https:\/\/www.programme-tv.net\/news\/people\/394088-la-journee-la-plus-difficile-de-mon-existence-veronika-loubry-brise-le-silence-apres-les-obseques-de-son-compagnon-gerard-kadoche\/\" data-api-deeplink=\"teleloisirs:\/\/news\/394088\" target=\"_blank\" rel=\"noopener\">cette perte douloureuse<\/a> : \u00ab\u00a0Aujourd&rsquo;hui, je dois apprendre \u00e0 respirer sans lui et \u00e7a va \u00eatre tr\u00e8s compliqu\u00e9, \u00e0 exister dans un monde qu&rsquo;il a rendu tellement plus beau simplement en y vivant. Je dois apprendre \u00e0 lutter contre cette douleur insupportable qui me fait trembler.\u00a0\u00bb<\/p>\n<p>Tr\u00e8s proche du couple, <a href=\"https:\/\/www.programme-tv.net\/news\/people\/393947-on-va-faire-quoi-sans-ta-sagesse-le-tendre-hommage-de-karine-le-marchand-a-gerard-kadoche-le-compagnon-de-sa-grande-amie-veronika-loubry\/\" data-api-deeplink=\"teleloisirs:\/\/news\/393947\" target=\"_blank\" rel=\"noopener\">Karine Le Marchand a apport\u00e9 son soutien \u00e0 V\u00e9ronika Loubry<\/a>. \u00ab\u00a0Repose en paix. On va faire quoi sans ta sagesse et ta lumi\u00e8re mon G\u00e9rard d&rsquo;amour ? Notre coeur est d\u00e9vast\u00e9 par le d\u00e9part de notre &lsquo;G\u00e9g\u00e9&rsquo;, un homme bon, brillant, toujours de bon conseil, un Mensh qui prenait le temps pour les autres, qui aimait la vie, les siens\u00a0\u00bb, a regrett\u00e9 l&rsquo;animatrice de L&rsquo;amour est dans le pr\u00e9 avant de saluer le courage de sa compagne \u00ab\u00a0qui l&rsquo;a accompagn\u00e9 jusqu&rsquo;au bout depuis plus de 2 ans dans son combat sans merci contre cette saloperie de crabe\u00a0\u00bb. Dans le sud de la France pour les obs\u00e8ques de G\u00e9rard Kadoche, Karine Le Marchant a pris la parole ce samedi 13 d\u00e9cembre pour donner de ses nouvelles. \u00ab\u00a0J&rsquo;ai beaucoup de messages inquiets. Je reprends le cours de la vie.<b> C&rsquo;\u00e9tait une semaine dont on se souviendra tous, qui a \u00e9t\u00e9 tr\u00e8s \u00e9prouvante<\/b>\u00ab\u00a0, a-t-elle avou\u00e9 avant de partager le chagrin de son amie V\u00e9ronika Loubry : \u00ab\u00a0\u00c9videmment, je ne suis pas la premi\u00e8re int\u00e9ress\u00e9e et quand V\u00e9ronika d\u00e9cidera de reprendre la parole, je pense qu&rsquo;elle continuera \u00e0 \u00e9changer avec vous comme elle le fait, avec beaucoup de sinc\u00e9rit\u00e9.\u00a0\u00bb<\/p>\n<p>            Karine Le Marchand se confie apr\u00e8s la mort de G\u00e9rard Kadoche, le compagnon de V\u00e9ronika Loubry<\/p>\n<p>Touch\u00e9e par le soutien des internautes, Karine Le Marchand a remerci\u00e9 ses abonn\u00e9s. \u00ab\u00a0Merci pour tous vos messages. Sachez que vos messages seront lus attentivement, qu&rsquo;ils font chaud au c\u0153ur\u00a0\u00bb, a-t-elle rapport\u00e9 avant d&rsquo;annoncer son retour imminent \u00e0 la capitale : \u00ab\u00a0Je ne vais pas m&rsquo;\u00e9tendre sur le sujet. Demain je rentre \u00e0 Paris parce qu&rsquo;il faut que je reprenne le travail.\u00a0\u00bb Elle pr\u00e9sentera notamment ce mardi 16 d\u00e9cembre<a href=\"https:\/\/www.programme-tv.net\/news\/tv\/393308-il-y-a-eu-plusieurs-desistements-eric-antoine-revele-qu-une-candidate-qualifiee-n-aurait-jamais-du-poursuivre-la-france-a-un-incroyable-talent\/\" data-api-deeplink=\"teleloisirs:\/\/news\/393308\" target=\"_blank\" rel=\"noopener\"> la finale de La France a un incroyable talent<\/a> sur M6.<\/p>\n","protected":false},"excerpt":{"rendered":"Ce samedi 13 d\u00e9cembre, Karine Le Marchand a pris la parole sur les r\u00e9seaux sociaux concernant la disparition&hellip;\n","protected":false},"author":2,"featured_media":597808,"comment_status":"","ping_status":"","sticky":false,"template":"","format":"standard","meta":{"footnotes":""},"categories":[1359],"tags":[244,58,59,1011,27,5413,973,71048,1630],"class_list":{"0":"post-597807","1":"post","2":"type-post","3":"status-publish","4":"format-standard","5":"has-post-thumbnail","7":"category-people","8":"tag-commentaire","9":"tag-divertissement","10":"tag-entertainment","11":"tag-fr","12":"tag-france","13":"tag-karine-le-marchand","14":"tag-people","15":"tag-vu00e9ronika-loubry","16":"tag-zapping"},"share_on_mastodon":{"url":"https:\/\/pubeurope.com\/@fr\/115715475163788550","error":""},"_links":{"self":[{"href":"https:\/\/www.europesays.com\/fr\/wp-json\/wp\/v2\/posts\/597807","targetHints":{"allow":["GET"]}}],"collection":[{"href":"https:\/\/www.europesays.com\/fr\/wp-json\/wp\/v2\/posts"}],"about":[{"href":"https:\/\/www.europesays.com\/fr\/wp-json\/wp\/v2\/types\/post"}],"author":[{"embeddable":true,"href":"https:\/\/www.europesays.com\/fr\/wp-json\/wp\/v2\/users\/2"}],"replies":[{"embeddable":true,"href":"https:\/\/www.europesays.com\/fr\/wp-json\/wp\/v2\/comments?post=597807"}],"version-history":[{"count":0,"href":"https:\/\/www.europesays.com\/fr\/wp-json\/wp\/v2\/posts\/597807\/revisions"}],"wp:featuredmedia":[{"embeddable":true,"href":"https:\/\/www.europesays.com\/fr\/wp-json\/wp\/v2\/media\/597808"}],"wp:attachment":[{"href":"https:\/\/www.europesays.com\/fr\/wp-json\/wp\/v2\/media?parent=597807"}],"wp:term":[{"taxonomy":"category","embeddable":true,"href":"https:\/\/www.europesays.com\/fr\/wp-json\/wp\/v2\/categories?post=597807"},{"taxonomy":"post_tag","embeddable":true,"href":"https:\/\/www.europesays.com\/fr\/wp-json\/wp\/v2\/tags?post=597807"}],"curies":[{"name":"wp","href":"https:\/\/api.w.org\/{rel}","templated":true}]}}