{"id":597811,"date":"2025-12-14T02:08:15","date_gmt":"2025-12-14T02:08:15","guid":{"rendered":"https:\/\/www.europesays.com\/fr\/597811\/"},"modified":"2025-12-14T02:08:15","modified_gmt":"2025-12-14T02:08:15","slug":"1944-le-spin-off-de-yellowstone-va-t-il-passer-a-la-trappe","status":"publish","type":"post","link":"https:\/\/www.europesays.com\/fr\/597811\/","title":{"rendered":"1944, le spin-off de Yellowstone, va-t-il passer \u00e0 la trappe ?"},"content":{"rendered":"<p>Apr\u00e8s plusieurs spin-off de Yellowstone, le nouveau projet 1944 est tr\u00e8s attendu par les fans de la s\u00e9rie originale. Mais le nouveau spin-off de Taylor Sheridan est-il toujours d\u2019actualit\u00e9, deux ans apr\u00e8s son annonce ?<\/p>\n<p>S&rsquo;il y a une s\u00e9rie qui a encha\u00een\u00e9 les succ\u00e8s \u00e0 travers les plateformes, c&rsquo;est bien Yellowstone. Apr\u00e8s avoir \u00e9t\u00e9 mise en ligne sur Paramount+, la s\u00e9rie a \u00e9t\u00e9 tr\u00e8s bien accueillie sur Netflix en France. Forc\u00e9ment, avec de tels succ\u00e8s,<a href=\"https:\/\/www.programme-tv.net\/news\/series-tv\/375466-yellowstone-le-point-sur-les-spin-off-de-la-serie\/\" data-api-deeplink=\"teleloisirs:\/\/news\/375466\" target=\"_blank\" rel=\"noopener\"> plusieurs spin-off ont vu le jour.<\/a> Parmi eux, on retrouve 1883, qui suit la fondation du ranch Dutton. La s\u00e9rie <a href=\"https:\/\/www.programme-tv.net\/news\/series-tv\/383763-1923-pourquoi-harrison-ford-a-refuse-de-regarder-yellowstone-avant-de-tourner-le-spin-off\/\" data-api-deeplink=\"teleloisirs:\/\/news\/383763\" target=\"_blank\" rel=\"noopener\">1923<\/a>, elle, explique comment la famille Dutton a r\u00e9ussi \u00e0 maintenir le ranch en activit\u00e9 alors que les \u00c9tats-Unis traversaient une importante crise \u00e9conomique. Apr\u00e8s les succ\u00e8s de ces deux spin-off, <a href=\"https:\/\/www.programme-tv.net\/news\/series-tv\/386740-yellowstone-vous-attendez-le-spin-off-sur-beth-et-rip-cette-annonce-va-vous-donner-le-sourire\/\" data-api-deeplink=\"teleloisirs:\/\/news\/386740\" target=\"_blank\" rel=\"noopener\">l&rsquo;annonce d&rsquo;une s\u00e9rie centr\u00e9e sur Beth et Rip a \u00e9t\u00e9 faite<\/a>, puis <a href=\"https:\/\/www.programme-tv.net\/news\/series-tv\/377218-yellowstone-tout-savoir-sur-1944-le-prochain-spin-off-de-la-serie\/\" data-api-deeplink=\"teleloisirs:\/\/news\/377218\" target=\"_blank\" rel=\"noopener\">1944 a \u00e9galement \u00e9t\u00e9 annonc\u00e9e.<\/a> Cette fois-ci, l&rsquo;histoire racontera l&rsquo;impact de la Seconde Guerre mondiale sur le ranch.<\/p>\n<p>Quand 1944, le spin-off de Yellowstone, verra-t-il le jour ?<\/p>\n<p>C&rsquo;est en 2023 que Paramount a annonc\u00e9 le projet 1944. Une excellente nouvelle pour Chris McCarthy, pr\u00e9sident et directeur g\u00e9n\u00e9ral de Showtime et de MTV Entertainment Studios, qui a d\u00e9clar\u00e9 \u00e0 ce moment-l\u00e0 : \u00ab\u00a0En cinq ans, nous avons transform\u00e9 Yellowstone, une s\u00e9rie am\u00e9ricaine \u00e0 succ\u00e8s diffus\u00e9e sur le c\u00e2ble et comptant cinq millions de t\u00e9l\u00e9spectateurs, en une franchise mondiale \u00e0 succ\u00e8s avec plus de 100 000 000 de fans \u00e0 travers le monde et de multiples extensions \u2013 et ce n&rsquo;est que le d\u00e9but.\u00a0\u00bb Par la suite, il a annonc\u00e9 : \u00ab\u00a0Forts du succ\u00e8s de 1883 et 1923, nos nouveaux spin-off, 1944 et 2024, emm\u00e8neront les spectateurs dans un voyage palpitant, in\u00e9dit et surprenant, gr\u00e2ce \u00e0 la narration complexe et captivante qui est devenue la marque de fabrique de la franchise et qui a contribu\u00e9 \u00e0 en faire un ph\u00e9nom\u00e8ne culturel mondial \u2013 gr\u00e2ce au g\u00e9nie cr\u00e9atif de Taylor Sheridan.\u00a0\u00bb<\/p>\n<p>Mais depuis cette annonce datant de deux ans maintenant, o\u00f9 en est le tournage de 1944 ? Les fans sont en plein doute puisqu&rsquo;aucune annonce de tournage n&rsquo;a \u00e9t\u00e9 faite, ni m\u00eame de casting. Autre point d&rsquo;inqui\u00e9tude ? Le fait que le cr\u00e9ateur de l&rsquo;univers, <a href=\"https:\/\/www.programme-tv.net\/news\/series-tv\/390933-yellowstone-coup-de-tonnerre-pour-la-franchise-avec-cette-nouvelle-sur-son-createur-taylor-sheridan\/\" data-api-deeplink=\"teleloisirs:\/\/news\/390933\" target=\"_blank\" rel=\"noopener\">Taylor Sheridan, quitte prochainement Paramount suite \u00e0 un accord trouv\u00e9 avec un autre studio<\/a>.<\/p>\n<p>Pour le moment, difficile de savoir ce que deviendra ce projet de spin-off qui semble au point mort. Seule petite lueur d&rsquo;espoir : le cr\u00e9ateur ne rejoindra NBCUniversal qu&rsquo;en 2029, ce qui lui laisse donc encore quelques ann\u00e9es pour d\u00e9velopper cette future s\u00e9rie attendue de pied ferme par les fans.<\/p>\n<p>Article \u00e9crit avec la collaboration de 6m\u00e9dias.<\/p>\n","protected":false},"excerpt":{"rendered":"Apr\u00e8s plusieurs spin-off de Yellowstone, le nouveau projet 1944 est tr\u00e8s attendu par les fans de la s\u00e9rie&hellip;\n","protected":false},"author":2,"featured_media":597812,"comment_status":"","ping_status":"","sticky":false,"template":"","format":"standard","meta":{"footnotes":""},"categories":[1356],"tags":[244,58,59,1011,27,127,5388,1722,4496,129,252,1364,4497],"class_list":{"0":"post-597811","1":"post","2":"type-post","3":"status-publish","4":"format-standard","5":"has-post-thumbnail","7":"category-television","8":"tag-commentaire","9":"tag-divertissement","10":"tag-entertainment","11":"tag-fr","12":"tag-france","13":"tag-netflix","14":"tag-paramount-plus","15":"tag-pub-streaming-netflix","16":"tag-superstream","17":"tag-svod","18":"tag-television","19":"tag-tv","20":"tag-yellowstone"},"share_on_mastodon":{"url":"https:\/\/pubeurope.com\/@fr\/115715486832493320","error":""},"_links":{"self":[{"href":"https:\/\/www.europesays.com\/fr\/wp-json\/wp\/v2\/posts\/597811","targetHints":{"allow":["GET"]}}],"collection":[{"href":"https:\/\/www.europesays.com\/fr\/wp-json\/wp\/v2\/posts"}],"about":[{"href":"https:\/\/www.europesays.com\/fr\/wp-json\/wp\/v2\/types\/post"}],"author":[{"embeddable":true,"href":"https:\/\/www.europesays.com\/fr\/wp-json\/wp\/v2\/users\/2"}],"replies":[{"embeddable":true,"href":"https:\/\/www.europesays.com\/fr\/wp-json\/wp\/v2\/comments?post=597811"}],"version-history":[{"count":0,"href":"https:\/\/www.europesays.com\/fr\/wp-json\/wp\/v2\/posts\/597811\/revisions"}],"wp:featuredmedia":[{"embeddable":true,"href":"https:\/\/www.europesays.com\/fr\/wp-json\/wp\/v2\/media\/597812"}],"wp:attachment":[{"href":"https:\/\/www.europesays.com\/fr\/wp-json\/wp\/v2\/media?parent=597811"}],"wp:term":[{"taxonomy":"category","embeddable":true,"href":"https:\/\/www.europesays.com\/fr\/wp-json\/wp\/v2\/categories?post=597811"},{"taxonomy":"post_tag","embeddable":true,"href":"https:\/\/www.europesays.com\/fr\/wp-json\/wp\/v2\/tags?post=597811"}],"curies":[{"name":"wp","href":"https:\/\/api.w.org\/{rel}","templated":true}]}}