{"id":597813,"date":"2025-12-14T02:09:18","date_gmt":"2025-12-14T02:09:18","guid":{"rendered":"https:\/\/www.europesays.com\/fr\/597813\/"},"modified":"2025-12-14T02:09:18","modified_gmt":"2025-12-14T02:09:18","slug":"pierre-garnier-a-presque-garde-son-train-de-vie","status":"publish","type":"post","link":"https:\/\/www.europesays.com\/fr\/597813\/","title":{"rendered":"Pierre Garnier a (presque) gard\u00e9 son train de vie"},"content":{"rendered":"<p>\n                            R\u00e9v\u00e9lation masculine des derni\u00e8res Victoires de la Musique et artiste masculin de l&rsquo;ann\u00e9e aux NRJ Music Awards\u00a0: Pierre Garnier est adoub\u00e9 par les Fran\u00e7ais. Pourtant, le jeune homme de 23\u00a0ans tient \u00e0 son train de vie simple.<\/p>\n<p>\u00c0 23\u00a0ans, <a href=\"https:\/\/www.journaldesfemmes.fr\/people\/personnalites\/3161182-pierre-garnier-origine-star-academy-buzz-etudes-relation-avec-helena\/\" title=\"Pierre Garnier\" target=\"_blank\" rel=\"noopener\">Pierre Garnier<\/a> est le nouveau chouchou des Fran\u00e7ais. Il faut dire que depuis sa victoire lors de la onzi\u00e8me saison de la Star Academy, le jeune homme de 23\u00a0ans encha\u00eene les succ\u00e8s et les records de ventes d&rsquo;albums.\u00a0<\/p>\n<p>Pierre Garnier vit toujours \u00e0 Caen\u00a0: \u00ab\u00a0J&rsquo;\u00e9vite simplement&#8230;\u00a0\u00bb\u00a0<\/p>\n<p>Mais l&rsquo;interpr\u00e8te du tube\u00a0Ceux qu&rsquo;on \u00e9tait l&rsquo;assure\u00a0: il a gard\u00e9 un mode de vie simple, loin des strass, des paillettes\u2026 et de la capitale\u00a0! Interrog\u00e9 par T\u00e9l\u00e9 7\u00a0jours, le jeune chanteur a d\u00e9taill\u00e9 quelque peu son train de vie. \u00ab\u00a0Garder une vie normale, avoir cet entre-deux, c&rsquo;est ce qui me stabilise\u00a0\u00bb, a-t-il d&rsquo;abord affirm\u00e9. \u00ab\u00a0Au d\u00e9but, c&rsquo;est impressionnant. Quand tu sors dans la rue et que les gens te reconnaissent, c&rsquo;est fou.\u00a0Aujourd&rsquo;hui, j&rsquo;essaie de prendre du recul. Je pense que le public me suit parce que je suis quelqu&rsquo;un de simple, qu&rsquo;il se retrouve un peu en moi\u00a0\u00bb, a-t-il ensuite d\u00e9clar\u00e9.\u00a0<\/p>\n<p><a class=\"fancy\" href=\"https:\/\/img-3.journaldesfemmes.fr\/glJf_GIU8ejidN957HQvPFObmGE=\/1080x\/smart\/33077781dbd1478b9e7da296aeb3f08d\/ccmcms-jdf\/40058837.jpg\" target=\"_blank\" rel=\"noopener\"><img decoding=\"async\" alt=\"\" src=\"https:\/\/www.europesays.com\/fr\/wp-content\/uploads\/2025\/12\/40058837.jpg\"\/><\/a><\/p>\n<p>\u00a9\u00a0LAURENT VU\/NMA\/SIPA<\/p>\n<p>Originaire de Caen, o\u00f9 il \u00ab\u00a0vit encore\u00a0\u00bb, le chanteur tient \u00e0 garder ses rep\u00e8res. D&rsquo;ailleurs, il y a gard\u00e9 toutes ses habitudes, \u00e0 commencer par celle de se balader dans les rues de sa ville. \u00ab\u00a0Au d\u00e9but, c&rsquo;\u00e9tait compliqu\u00e9, parce que les gens n&rsquo;avaient pas l&rsquo;habitude de me croiser. Maintenant, \u00e7a va mieux\u00a0\u00bb, a-t-il conc\u00e9d\u00e9. Avant d&rsquo;ironiser\u00a0: \u00ab\u00a0J&rsquo;\u00e9vite simplement les centres commerciaux le samedi\u00a0\u00bb.<\/p>\n<p>Dans les pages du Parisien, celui qui est tr\u00e8s proche de la chanteuse Helena Bailly avait aussi lev\u00e9 le voile sur les lieux o\u00f9 le croiser :\u00a0\u00ab\u00a0Je vais souvent \u00e0 La Prairie, vaste espace vert avec un hippodrome et une r\u00e9serve ornithologique, au c\u0153ur de Caen.\u00a0\u00bb<\/p>\n<p>Pierre Garnier a gard\u00e9 le m\u00eame entourage\u00a0: \u00ab\u00a0\u00e7a me fait du bien\u00a0\u00bb<\/p>\n<p>Surtout, Pierre Garnier vit pr\u00e8s de ces cinq \u00ab\u00a0potes les plus proches\u00a0\u00bb. \u00ab\u00a0Je les connais depuis l&rsquo;\u00e9cole primaire et ils n&rsquo;ont rien \u00e0 voir avec le milieu du showbiz. Avec eux, j&rsquo;ai l&rsquo;impression que ma vie n&rsquo;a pas chang\u00e9, \u00e7a me fait du bien\u00a0\u00bb, a fait savoir l&rsquo;artiste aux 1,2\u00a0million d&rsquo;abonn\u00e9s sur Instagram, toujours au Parisien.\u00a0<\/p>\n<p>Sur la sc\u00e8ne de l&rsquo;Accor Arena le 9\u00a0d\u00e9cembre dernier, Pierre, qui vient de terminer une tourn\u00e9e de cent dates, a \u00e9galement fait une grande d\u00e9claration\u00a0: il va lever le pied\u00a0! \u00ab\u00a0On va se quitter un moment apr\u00e8s ces quatre futures dates et j&rsquo;esp\u00e8re que je reviendrai vous voir et que je serai en pleine forme, et que vous r\u00e9pondrez encore pr\u00e9sent, et que je chanterai mes nouvelles chansons. Franchement je suis triste de vous quitter m\u00eame si \u00e7a va me faire un peu de bien, du repos\u00a0\u00bb, a-t-il d\u00e9clar\u00e9 pendant son show.\u00a0<\/p>\n","protected":false},"excerpt":{"rendered":"R\u00e9v\u00e9lation masculine des derni\u00e8res Victoires de la Musique et artiste masculin de l&rsquo;ann\u00e9e aux NRJ Music Awards\u00a0: Pierre&hellip;\n","protected":false},"author":2,"featured_media":597814,"comment_status":"","ping_status":"","sticky":false,"template":"","format":"standard","meta":{"footnotes":""},"categories":[1355],"tags":[3723,71049,51761,58,59,51763,1011,27,51766,1361,873,51767,5096],"class_list":{"0":"post-597813","1":"post","2":"type-post","3":"status-publish","4":"format-standard","5":"has-post-thumbnail","7":"category-musique","8":"tag-actus","9":"tag-cms-journaldesfemmes-3250416","10":"tag-controller-content","11":"tag-divertissement","12":"tag-entertainment","13":"tag-format-papier","14":"tag-fr","15":"tag-france","16":"tag-les-histoires-du-jdf","17":"tag-music","18":"tag-musique","19":"tag-parallaxeinfeed","20":"tag-pierre-garnier"},"share_on_mastodon":{"url":"https:\/\/pubeurope.com\/@fr\/115715491583330472","error":""},"_links":{"self":[{"href":"https:\/\/www.europesays.com\/fr\/wp-json\/wp\/v2\/posts\/597813","targetHints":{"allow":["GET"]}}],"collection":[{"href":"https:\/\/www.europesays.com\/fr\/wp-json\/wp\/v2\/posts"}],"about":[{"href":"https:\/\/www.europesays.com\/fr\/wp-json\/wp\/v2\/types\/post"}],"author":[{"embeddable":true,"href":"https:\/\/www.europesays.com\/fr\/wp-json\/wp\/v2\/users\/2"}],"replies":[{"embeddable":true,"href":"https:\/\/www.europesays.com\/fr\/wp-json\/wp\/v2\/comments?post=597813"}],"version-history":[{"count":0,"href":"https:\/\/www.europesays.com\/fr\/wp-json\/wp\/v2\/posts\/597813\/revisions"}],"wp:featuredmedia":[{"embeddable":true,"href":"https:\/\/www.europesays.com\/fr\/wp-json\/wp\/v2\/media\/597814"}],"wp:attachment":[{"href":"https:\/\/www.europesays.com\/fr\/wp-json\/wp\/v2\/media?parent=597813"}],"wp:term":[{"taxonomy":"category","embeddable":true,"href":"https:\/\/www.europesays.com\/fr\/wp-json\/wp\/v2\/categories?post=597813"},{"taxonomy":"post_tag","embeddable":true,"href":"https:\/\/www.europesays.com\/fr\/wp-json\/wp\/v2\/tags?post=597813"}],"curies":[{"name":"wp","href":"https:\/\/api.w.org\/{rel}","templated":true}]}}