{"id":597817,"date":"2025-12-14T02:11:15","date_gmt":"2025-12-14T02:11:15","guid":{"rendered":"https:\/\/www.europesays.com\/fr\/597817\/"},"modified":"2025-12-14T02:11:15","modified_gmt":"2025-12-14T02:11:15","slug":"elu-meilleure-creme-2025-ce-soin-vous-fait-rajeunir","status":"publish","type":"post","link":"https:\/\/www.europesays.com\/fr\/597817\/","title":{"rendered":"\u00c9lu \u00ab\u00a0Meilleure cr\u00e8me 2025\u00a0\u00bb, ce soin vous fait rajeunir"},"content":{"rendered":"<p itemprop=\"description\">Ce soin anti-\u00e2ge abordable a \u00e9t\u00e9 \u00e9lu<br \/>\n\u00ab\u00a0meilleure cr\u00e8me de l&rsquo;ann\u00e9e 2025\u00a0\u00bb. Toutes les 10 secondes, il est<br \/>\nvendu dans le monde.<\/p>\n<p>Avant m\u00eame de parler de rides ou d\u2019anti-\u00e2ge, beaucoup de<br \/>\ndermatologues rappellent une r\u00e8gle simple. <strong>Une peau qui<br \/>\nvieillit bien est avant tout une peau r\u00e9par\u00e9e<\/strong> et prot\u00e9g\u00e9e.<br \/>\nC\u2019est pr\u00e9cis\u00e9ment sur ce terrain qu\u2019une cr\u00e8me bien connue des<br \/>\npharmacies fran\u00e7aises s\u2019est impos\u00e9e ces derniers mois, au point<br \/>\nd\u2019\u00eatre sacr\u00e9e <strong>\u00ab\u00a0Meilleure cr\u00e8me 2025<\/strong>\u00a0\u00bb par le label<br \/>\nMeilleur Produit Pharma.<\/p>\n<p>Un titre qui n\u2019arrive pas par hasard et qui explique pourquoi ce<br \/>\nsoin est aujourd\u2019hui au c\u0153ur de toutes les discussions. Si cette<br \/>\n<a href=\"https:\/\/www.bibamagazine.fr\/beaute\/soins-visage-corps\/un-effet-liftant-immediat-pour-moins-de-3-e-a-action-cette-creme-anti-age-a-lacide-hyaluronique-detrone-les-soins-haut-de-gamme-496516.html\" target=\"_blank\" rel=\"noopener\"><br \/>\ncr\u00e8me fait autant parler d\u2019elle,<\/a> c\u2019est aussi parce qu\u2019elle est<br \/>\ndevenue un incontournable du quotidien. Selon les chiffres relay\u00e9s<br \/>\npar la marque, elle se vendrait toutes <strong>les dix secondes en<br \/>\nFrance,<\/strong> un rythme impressionnant pour un soin<br \/>\ndermocosm\u00e9tique.<\/p>\n<p>Une cr\u00e8me qui permet de cr\u00e9er une barri\u00e8re cutan\u00e9e<\/p>\n<p>Son succ\u00e8s d\u00e9passe largement le cercle des <a href=\"https:\/\/www.bibamagazine.fr\/beaute\/soins-visage-corps\/la-meilleure-creme-anti-age-de-tous-les-temps-dr-jimmy-mohamed-devoile-lastuce-qui-degomme-les-rides-efficacement-494360.html\" target=\"_blank\" rel=\"noopener\"><br \/>\npeaux ab\u00eem\u00e9es ou irrit\u00e9es<\/a> : de plus en plus de femmes<br \/>\nl\u2019int\u00e8grent \u00e0 leur routine pour ses effets visibles sur l\u2019\u00e9clat et<br \/>\nla jeunesse de la peau. Il s\u2019agit de la cr\u00e8me r\u00e9paratrice et<br \/>\nprotectrice <strong>Cicalfate+ d\u2019Av\u00e8ne,<\/strong> distingu\u00e9e en 2025<br \/>\npar Meilleur Produit Pharma. Ce label repose sur une m\u00e9thodologie<br \/>\nstricte. Les produits sont test\u00e9s par un panel d\u2019au moins cent<br \/>\nconsommateurs et doivent obtenir une note minimale de <strong>16<br \/>\nsur 20<\/strong> pour \u00eatre r\u00e9compens\u00e9s.<\/p>\n<p>\u00ab\u00a0C\u2019est en pla\u00e7ant la barre haut que nous garantissons que<br \/>\nseuls des produits excellents et tr\u00e8s efficaces peuvent \u00eatre<br \/>\nlaur\u00e9ats\u00a0\u00bb, pr\u00e9cise l\u2019organisme Meilleur Produit Pharma. En<br \/>\nremportant ce prix, Cicalfate+ confirme son statut de r\u00e9f\u00e9rence<br \/>\ndans l\u2019univers des soins r\u00e9parateurs. \u00c0 l\u2019origine, cette cr\u00e8me a<br \/>\n\u00e9t\u00e9 pens\u00e9e comme un <strong>v\u00e9ritable pansement<br \/>\ncutan\u00e9.<\/strong><\/p>\n<p><img loading=\"lazy\" decoding=\"async\" itemprop=\"thumbnailUrl\" class=\"aligncenter size-large wp-image-497720 img-responsive pinit-here\" src=\"https:\/\/www.europesays.com\/fr\/wp-content\/uploads\/2025\/12\/capture-decran-2025-12-12-a-14.41.52-517x1024.png\" alt=\"\" width=\"517\" height=\"1024\" data-pin-media=\"https:\/\/www.bibamagazine.fr\/wp-content\/uploads\/biba\/2025\/12\/capture-decran-2025-12-12-a-14.41.52.png\"\/><br \/>\n\u00a9<br \/>\nAv\u00e8ne<\/p>\n<p>Sa texture semi-occlusive prot\u00e8ge la peau tout en laissant ainsi<br \/>\nrespirer l\u2019\u00e9piderme. Sa formule s\u2019appuie alors sur un actif<br \/>\nbrevet\u00e9, le [C+-Restore]\u2122, issu de l\u2019Eau Thermale d\u2019Av\u00e8ne. Il est<br \/>\nassoci\u00e9 \u00e0 un complexe cuivre-zinc reconnu pour ses <a href=\"https:\/\/www.bibamagazine.fr\/beaute\/soins-visage-corps\/elu-meilleur-produit-pharma-2026-cette-creme-anti-age-au-collagene-vendue-toutes-les-minutes-cumule-4-prix-beaute-493567.html\" target=\"_blank\" rel=\"noopener\"><br \/>\npropri\u00e9t\u00e9s assainissantes<\/a>. Sans parfum, non com\u00e9dog\u00e8ne et<br \/>\nparfaitement tol\u00e9r\u00e9e, elle convient m\u00eame aux peaux les plus<br \/>\nfragiles, y compris celles des nourrissons, ce qui explique sa<br \/>\nlarge prescription en pharmacie.<\/p>\n<p>Des consommatrices s\u00e9duites par ce soin<br \/>\nanti-\u00e2ge<\/p>\n<p>Mais pourquoi un soin r\u00e9parateur donne-t-il l\u2019impression de<br \/>\nrajeunir le visage ? Les sp\u00e9cialistes s\u2019accordent sur un point :<br \/>\nlorsque la barri\u00e8re cutan\u00e9e est alt\u00e9r\u00e9e, la peau perd plus<br \/>\nfacilement son eau. <strong>Les ridules de d\u00e9shydratation<\/strong><br \/>\nse marquent alors davantage, les traits paraissent fatigu\u00e9s et la<br \/>\ntexture devient irr\u00e9guli\u00e8re. En restaurant cette barri\u00e8re et en<br \/>\nlimitant l\u2019\u00e9vaporation, Cicalfate+ redonne souplesse et confort \u00e0<br \/>\nl\u2019\u00e9piderme.<\/p>\n<p>R\u00e9sultat : la peau para\u00eet plus lisse, plus rebondie, et les<br \/>\nrides superficielles s\u2019estompent visuellement apr\u00e8s quelques<br \/>\napplications. Les avis consommateurs vont dans ce sens. Sur le site<br \/>\nde la marque Av\u00e8ne, une utilisatrice t\u00e9moigne : \u00ab\u00a0Quelle bonne<br \/>\ncr\u00e8me ! Elle hydrate bien et j\u2019ai moins de rides et de<br \/>\ntaches.\u00a0\u00bb. D\u2019autres \u00e9voquent un soulagement rapide des<br \/>\nsensations de br\u00fblure et de tiraillement. Leur peau est visiblement<br \/>\nplus calme et plus lumineuse. Ce sont ces retours, combin\u00e9s \u00e0 une<br \/>\nefficacit\u00e9 reconnue, qui ont permis \u00e0 Cicalfate+ de s\u2019imposer comme<br \/>\nl\u2019une des cr\u00e8mes les plus pl\u00e9biscit\u00e9es de l\u2019ann\u00e9e.<\/p>\n","protected":false},"excerpt":{"rendered":"Ce soin anti-\u00e2ge abordable a \u00e9t\u00e9 \u00e9lu \u00ab\u00a0meilleure cr\u00e8me de l&rsquo;ann\u00e9e 2025\u00a0\u00bb. Toutes les 10 secondes, il est&hellip;\n","protected":false},"author":2,"featured_media":597818,"comment_status":"","ping_status":"","sticky":false,"template":"","format":"standard","meta":{"footnotes":""},"categories":[10],"tags":[17,9830,150,17488,29789,14192,21,1011,27,72,26820,25732,71050,71,35749,4568],"class_list":{"0":"post-597817","1":"post","2":"type-post","3":"status-publish","4":"format-standard","5":"has-post-thumbnail","7":"category-sante","8":"tag-17","9":"tag-applications","10":"tag-apres","11":"tag-ce","12":"tag-creme","13":"tag-elu","14":"tag-fait","15":"tag-fr","16":"tag-france","17":"tag-health","18":"tag-meilleure","19":"tag-quelques","20":"tag-rajeunir","21":"tag-sante","22":"tag-soin","23":"tag-vous"},"share_on_mastodon":{"url":"https:\/\/pubeurope.com\/@fr\/115715499207495599","error":""},"_links":{"self":[{"href":"https:\/\/www.europesays.com\/fr\/wp-json\/wp\/v2\/posts\/597817","targetHints":{"allow":["GET"]}}],"collection":[{"href":"https:\/\/www.europesays.com\/fr\/wp-json\/wp\/v2\/posts"}],"about":[{"href":"https:\/\/www.europesays.com\/fr\/wp-json\/wp\/v2\/types\/post"}],"author":[{"embeddable":true,"href":"https:\/\/www.europesays.com\/fr\/wp-json\/wp\/v2\/users\/2"}],"replies":[{"embeddable":true,"href":"https:\/\/www.europesays.com\/fr\/wp-json\/wp\/v2\/comments?post=597817"}],"version-history":[{"count":0,"href":"https:\/\/www.europesays.com\/fr\/wp-json\/wp\/v2\/posts\/597817\/revisions"}],"wp:featuredmedia":[{"embeddable":true,"href":"https:\/\/www.europesays.com\/fr\/wp-json\/wp\/v2\/media\/597818"}],"wp:attachment":[{"href":"https:\/\/www.europesays.com\/fr\/wp-json\/wp\/v2\/media?parent=597817"}],"wp:term":[{"taxonomy":"category","embeddable":true,"href":"https:\/\/www.europesays.com\/fr\/wp-json\/wp\/v2\/categories?post=597817"},{"taxonomy":"post_tag","embeddable":true,"href":"https:\/\/www.europesays.com\/fr\/wp-json\/wp\/v2\/tags?post=597817"}],"curies":[{"name":"wp","href":"https:\/\/api.w.org\/{rel}","templated":true}]}}