{"id":597821,"date":"2025-12-14T02:13:17","date_gmt":"2025-12-14T02:13:17","guid":{"rendered":"https:\/\/www.europesays.com\/fr\/597821\/"},"modified":"2025-12-14T02:13:17","modified_gmt":"2025-12-14T02:13:17","slug":"le-roi-abdallah-et-la-reine-rania-posent-pour-la-premiere-fois-avec-leurs-6-descendants-sur-leur-carte-de-voeux","status":"publish","type":"post","link":"https:\/\/www.europesays.com\/fr\/597821\/","title":{"rendered":"Le roi Abdallah et la reine Rania posent pour la premi\u00e8re fois avec leurs 6 descendants sur leur carte de v\u0153ux"},"content":{"rendered":"<p>La reine Rania de Jordanie a partag\u00e9 sa carte de v\u0153ux pour 2026 sur ses r\u00e9seaux sociaux. Pour la premi\u00e8re fois, les quatre enfants, les deux beaux-enfants et les deux petites-filles du roi Abdallah II et de la reine Rania posent dans des tenues assorties dans des tons verts et bleus. <\/p>\n<p><strong>Lire aussi : <a href=\"https:\/\/histoiresroyales.fr\/reine-rania-anna-wintour-soeur-emir-du-qatar-reunies-recherche-medicale\/\" target=\"_blank\" rel=\"noopener\">La reine Rania, Anna Wintour et la s\u0153ur de l\u2019\u00e9mir du Qatar r\u00e9unies pour la recherche m\u00e9dicale \u00e0 Doha<\/a><\/strong><\/p>\n<p>Abdallah II et Rania heureux grands parents posent pour la nouvelle ann\u00e9e avec leurs deux petites-filles pour la premi\u00e8re fois<\/p>\n<p>La r\u00e9v\u00e9lation de la carte de v\u0153ux de la famille royale hach\u00e9mite est toujours un moment tr\u00e8s attendu. Le <a href=\"https:\/\/histoiresroyales.fr\/familles-royales-du-moyen-orient\/famille-royale-jordanie\/abdallah-ii\/\" target=\"_blank\" rel=\"noopener\">roi Abdallah II<\/a> et la reine Rania sont dou\u00e9s pour mettre en sc\u00e8ne leur famille et partager de magnifiques photos de moments priv\u00e9s de leur vie. Cette ann\u00e9e encore, la carte de la famille royale de Jordanie est probablement la plus \u00e9tudi\u00e9e pour cr\u00e9er une impression d\u2019harmonie totale entre tous les membres de la famille.<\/p>\n<p><img fetchpriority=\"high\" decoding=\"async\" width=\"1300\" height=\"866\" src=\"https:\/\/www.europesays.com\/fr\/wp-content\/uploads\/2025\/12\/roi-abdallah-reine-rania-premiere-fois-carte-de-voeux.jpg\" alt=\"\" class=\"wp-image-231726 lazyload\" data-  \/>La carte de v\u0153ux de la famille royale de Jordanie pour la nouvelle ann\u00e9e 2026 (Photo : The Royal Hashemite Court)<\/p>\n<p><strong>Lire aussi : <a href=\"https:\/\/histoiresroyales.fr\/prince-william-princesse-catherine-recoivent-prince-heritier-hussein-princesse-rajwa-windsor\/\" target=\"_blank\" rel=\"noopener\">Le prince William et la princesse Catherine re\u00e7oivent le prince h\u00e9ritier Hussein et la princesse Rajwa \u00e0 Windsor<\/a><\/strong><\/p>\n<p>Premi\u00e8re carte de v\u0153ux pour 2026 des souverains jordaniens avec leurs six descendants<\/p>\n<p>Le roi Abdallah II, 63 ans, et la reine Rania, 55 ans, sont les parents de quatre enfants : le prince h\u00e9ritier Hussein, 31 ans, la princesse Iman, 29 ans, la princesse Salma, 25 ans, et le prince Hashem, 20 ans. En juin 2023, le prince h\u00e9ritier Hussein a \u00e9pous\u00e9 l\u2019architecte saoudienne Rajwa Al Saif. Le couple h\u00e9ritier a accueilli une petite fille, la princesse Iman, n\u00e9e en ao\u00fbt 2024. La princesse Salma a \u00e9pous\u00e9 le financier v\u00e9n\u00e9zu\u00e9lien Jameel Alexander Thermiotis en avril 2023. Salma et Jameel sont devenus parents d\u2019une fille, Amina Thermiotis, n\u00e9e en f\u00e9vrier 2025.<\/p>\n<p><img loading=\"lazy\" decoding=\"async\" width=\"1234\" height=\"1350\" src=\"https:\/\/www.europesays.com\/fr\/wp-content\/uploads\/2025\/12\/reine-rania-petite-fille-amina-carte-de-voeux.jpg\" alt=\"\" class=\"wp-image-231725 lazyload\" data-  \/>La reine Rania tient sa petite-fille Iman dans les bras, \u00e0 c\u00f4t\u00e9 du prince Hashem et de la princesse Iman. Ils sont suivis par le couple h\u00e9ritier, le prince h\u00e9ritier Hussein et la princesse Rajwa (Photo : The Royal Hashemite Court)<\/p>\n<p><strong>Lire aussi : <a href=\"https:\/\/histoiresroyales.fr\/retrouvailles-reine-rania-melania-trump-new-york\/\" target=\"_blank\" rel=\"noopener\">Les retrouvailles de la reine Rania et de Melania Trump \u00e0 New York<\/a><\/strong><\/p>\n<p>Comme toujours, cette photo est tr\u00e8s \u00e9tudi\u00e9e et rien n\u2019est laiss\u00e9 au hasard. La reine et les princesses ont les cheveux ondul\u00e9s, des sandales blanches \u00e0 talons, et une tenue dans les tons vert d\u2019eau. Le roi, ses fils et son beau-fils portent des chaussures noires et une chemise bleu clair. Quant aux deux petites-filles, Iman et Amina, elles sont habill\u00e9es dans v\u00eatements de b\u00e9b\u00e9 orange tr\u00e8s p\u00e2le.<\/p>\n<p><img loading=\"lazy\" decoding=\"async\" width=\"1400\" height=\"2314\" src=\"https:\/\/www.europesays.com\/fr\/wp-content\/uploads\/2025\/12\/jameel-thermiotis-roi-abdallah-carte-de-voeu.jpg\" alt=\"\" class=\"wp-image-231727 lazyload\" data-  \/>Le roi Abdallah II tient sa petite-fille Amina dans les bras, \u00e0 c\u00f4t\u00e9 de la princesse Salma et Jameel Alexander Thermiotis (Photo : The Royal Hashemite Court)<\/p>\n<p>\u00ab\u00a0Que les liens familiaux et l\u2019amour continuent de se renforcer au cours de l\u2019ann\u00e9e \u00e0 venir \u00bb, a \u00e9crit la reine Rania en partageant sa carte de v\u0153ux sur ses r\u00e9seaux sociaux. La reine Rania est la souveraine la plus suivie au monde. Elle compte 18 millions d\u2019abonn\u00e9s sur Facebook et pr\u00e8s de 11 millions d\u2019abonn\u00e9s sur Instagram.<\/p>\n<p>\t\t\t\t<img loading=\"lazy\" alt=\"Avatar photo\" src=\"https:\/\/www.europesays.com\/fr\/wp-content\/uploads\/2025\/04\/1516945716303-164x164.jpeg\"  class=\"avatar avatar-164 photo lazyload\" height=\"164\" width=\"164\" decoding=\"async\"\/><br \/>\n\t\t<a href=\"https:\/\/histoiresroyales.fr\/author\/royaliste123\/\" target=\"_blank\" rel=\"noopener\">Nicolas Fontaine<\/a><br \/>\n\t\t\t\t\tR\u00e9dacteur en chef<\/p>\n<p>Nicolas Fontaine a \u00e9t\u00e9 concepteur-r\u00e9dacteur et auteur pour de nombreuses marques et m\u00e9dias belges et fran\u00e7ais. Sp\u00e9cialiste de l&rsquo;actualit\u00e9 des familles royales, Nicolas a fond\u00e9 le site Histoires royales dont il est le r\u00e9dacteur en chef.&#13;<br \/>\n&#13;<br \/>\nnicolas@histoiresroyales.fr<\/p>\n<p>\t\t\t\t\t\t\t<a href=\"https:\/\/twitter.com\/ActusRoyales\" class=\"boxed-icon fill twitter\" target=\"_blank\" rel=\"noopener\"><\/a><br \/>\n\t\t\t\t\t\t\t\t\t<a href=\"https:\/\/www.instagram.com\/histoiresroyales.fr\/\" class=\"boxed-icon fill instagram\" target=\"_blank\" rel=\"noopener\"><\/a><\/p>\n<p>\t\t\t\t\t\t\t\t\t\t\t\t\t<script async src=\"https:\/\/platform.twitter.com\/widgets.js\" charset=\"utf-8\"><\/script><script async src=\"\/\/www.instagram.com\/embed.js\"><\/script><\/p>\n","protected":false},"excerpt":{"rendered":"La reine Rania de Jordanie a partag\u00e9 sa carte de v\u0153ux pour 2026 sur ses r\u00e9seaux sociaux. Pour&hellip;\n","protected":false},"author":2,"featured_media":597822,"comment_status":"","ping_status":"","sticky":false,"template":"","format":"standard","meta":{"footnotes":""},"categories":[8],"tags":[32835,58,59,1011,27,71051,34957,71052,34958,34959,34960,34961,71053],"class_list":{"0":"post-597821","1":"post","2":"type-post","3":"status-publish","4":"format-standard","5":"has-post-thumbnail","7":"category-divertissement","8":"tag-abdallah-ii-de-jordanie","9":"tag-divertissement","10":"tag-entertainment","11":"tag-fr","12":"tag-france","13":"tag-hashem-de-jordanie","14":"tag-hussein-de-jordanie","15":"tag-iman-bint-al-hussein-de-jordanie","16":"tag-iman-de-jordanie","17":"tag-jameel-thermiotis","18":"tag-rajwa-khaled-al-saif","19":"tag-rania-de-jordanie","20":"tag-salma-de-jordanie"},"share_on_mastodon":{"url":"https:\/\/pubeurope.com\/@fr\/115715508016376917","error":""},"_links":{"self":[{"href":"https:\/\/www.europesays.com\/fr\/wp-json\/wp\/v2\/posts\/597821","targetHints":{"allow":["GET"]}}],"collection":[{"href":"https:\/\/www.europesays.com\/fr\/wp-json\/wp\/v2\/posts"}],"about":[{"href":"https:\/\/www.europesays.com\/fr\/wp-json\/wp\/v2\/types\/post"}],"author":[{"embeddable":true,"href":"https:\/\/www.europesays.com\/fr\/wp-json\/wp\/v2\/users\/2"}],"replies":[{"embeddable":true,"href":"https:\/\/www.europesays.com\/fr\/wp-json\/wp\/v2\/comments?post=597821"}],"version-history":[{"count":0,"href":"https:\/\/www.europesays.com\/fr\/wp-json\/wp\/v2\/posts\/597821\/revisions"}],"wp:featuredmedia":[{"embeddable":true,"href":"https:\/\/www.europesays.com\/fr\/wp-json\/wp\/v2\/media\/597822"}],"wp:attachment":[{"href":"https:\/\/www.europesays.com\/fr\/wp-json\/wp\/v2\/media?parent=597821"}],"wp:term":[{"taxonomy":"category","embeddable":true,"href":"https:\/\/www.europesays.com\/fr\/wp-json\/wp\/v2\/categories?post=597821"},{"taxonomy":"post_tag","embeddable":true,"href":"https:\/\/www.europesays.com\/fr\/wp-json\/wp\/v2\/tags?post=597821"}],"curies":[{"name":"wp","href":"https:\/\/api.w.org\/{rel}","templated":true}]}}