{"id":597825,"date":"2025-12-14T02:15:11","date_gmt":"2025-12-14T02:15:11","guid":{"rendered":"https:\/\/www.europesays.com\/fr\/597825\/"},"modified":"2025-12-14T02:15:11","modified_gmt":"2025-12-14T02:15:11","slug":"un-incident-de-moteur-dun-boeing-777-provoque-un-incendie-aux-abords-dune-piste-de-laeroport-de-washington","status":"publish","type":"post","link":"https:\/\/www.europesays.com\/fr\/597825\/","title":{"rendered":"Un incident de moteur d&rsquo;un Boeing 777 provoque un incendie aux abords d&rsquo;une piste de l&rsquo;a\u00e9roport de Washington"},"content":{"rendered":"<p>Un feu de broussailles s&rsquo;est produit \u00e0 l&rsquo;a\u00e9roport de Washington Dulles aux \u00c9tats-Unis ce samedi 13 d\u00e9cembre, apr\u00e8s un incident de moteur d&rsquo;un avion de Boeing. L&rsquo;avion a pu se poser sans encombre et aucun bless\u00e9 n&rsquo;est \u00e0 d\u00e9plorer.<\/p>\n<p>Un Boeing 777-200ER de la compagnie am\u00e9ricaine United Airlines a d\u00fb faire demi-tour ce samedi 13 d\u00e9cembre apr\u00e8s son d\u00e9part de l&rsquo;a\u00e9roport de Washington Dulles, \u00e0 destination de Tokyo Haneda, apr\u00e8s une d\u00e9faillance de moteur au d\u00e9collage qui a provoqu\u00e9 un incendie aux abords de la piste.<\/p>\n<p>\u00ab\u00a0Peu apr\u00e8s le d\u00e9collage, le vol United 803 est retourn\u00e9 \u00e0 Washington Dulles et s&rsquo;est pos\u00e9 en toute s\u00e9curit\u00e9 pour r\u00e9gler un probl\u00e8me de perte de puissance de l&rsquo;un de ses moteurs\u00a0\u00bb, a expliqu\u00e9 la compagnie a\u00e9rienne, assurant qu&rsquo;aucun bless\u00e9 n&rsquo;avait \u00e9t\u00e9 signal\u00e9 parmi les 275 passagers et quinze membres d&rsquo;\u00e9quipage.<\/p>\n<p>Ces derniers devraient rallier leur destination initiale, l&rsquo;a\u00e9roport de Tokyo Haneda, \u00e0 bord d&rsquo;un avion diff\u00e9rent dont le d\u00e9part \u00e9tait pr\u00e9vu plus tard dans la journ\u00e9e de samedi.<\/p>\n<p>Des broussailles en feu<\/p>\n<p>D&rsquo;apr\u00e8s une porte-parole de l&rsquo;a\u00e9roport de Dulles, le plus grand de la capitale am\u00e9ricaine, l&rsquo;avion a d\u00e9coll\u00e9 vers 12h20 (17h20 GMT) et \u00ab\u00a0a enflamm\u00e9 des broussailles pr\u00e8s de la piste de d\u00e9collage\u00a0\u00bb.<\/p>\n<blockquote class=\"embed embed_quote\"><p>\u00ab\u00a0L&rsquo;incendie a \u00e9t\u00e9 \u00e9teint et l&rsquo;appareil est revenu \u00e0 Dulles, se posant en toute s\u00e9curit\u00e9 aux alentours de 13h30 et il a \u00e9t\u00e9 examin\u00e9 par les pompiers de l&rsquo;a\u00e9roport\u00a0\u00bb, a-t-elle poursuivi.<\/p><\/blockquote>\n<p>La piste concern\u00e9e a d\u00fb \u00eatre ferm\u00e9e \u00ab\u00a0pendant un temps limit\u00e9 mais Dulles dispose de plusieurs pistes et les autres op\u00e9rations de vols n&rsquo;ont pas \u00e9t\u00e9 affect\u00e9es\u00a0\u00bb, a affirm\u00e9 la porte-parole.<\/p>\n<p><img width=\"1\" height=\"1\" class=\"lozad\"  alt=\"Tous les soirs dans Le titre \u00e0 la une, d\u00e9couvrez ce qui se cache derri\u00e8re les gros titres. C\u00e9line Kallmann vous raconte une histoire, un r\u00e9cit de vie, avec aussi le t\u00e9moignage intime de celles et ceux qui font l'actualit\u00e9.\"\/>Capot d&rsquo;un moteur d\u00e9tach\u00e9, porte d\u00e9fectueuse: comment expliquer la s\u00e9rie noire de Boeing<\/p>\n<p>Le r\u00e9gulateur am\u00e9ricain de l&rsquo;aviation (FAA) a expliqu\u00e9 que l&rsquo;avion \u00e9tait retourn\u00e9 \u00e0 Dulles apr\u00e8s avoir subi une \u00ab\u00a0d\u00e9faillance de moteur lors de son d\u00e9part\u00a0\u00bb, sans autre d\u00e9tail. Il va enqu\u00eater sur cet incident.<\/p>\n<p>Un incident avec le moteur<\/p>\n<p>De son c\u00f4t\u00e9, l&rsquo;Agence am\u00e9ricaine de s\u00e9curit\u00e9 des transports (NTSB) a pr\u00e9cis\u00e9 \u00eatre en train de rassembler des donn\u00e9es au sujet de cet incident, ce qui lui permettra de d\u00e9terminer l&rsquo;opportunit\u00e9 d&rsquo;ouvrir ou non une enqu\u00eate formelle.<\/p>\n<p>Le <a href=\"https:\/\/www.bfmtv.com\/economie\/entreprises\/aeronautique\/il-faut-etre-lucide-pour-le-patron-d-airbus-l-administration-trump-va-permettre-a-boeing-de-gagner-la-bataille-des-contrats-cette-annee_AV-202512100333.html\" title=\"&quot;Il faut \u00eatre lucide&quot;: pour le patron d&#039;Airbus, l&#039;administration Trump va permettre \u00e0 Boeing de gagner la bataille des contrats cette ann\u00e9e\" class=\"internal_link\" rel=\"nofollow noopener\" target=\"_blank\">constructeur a\u00e9ronautique Boeing<\/a> a renvoy\u00e9 vers la compagnie a\u00e9rienne pour toute information.<\/p>\n<p>Selon des signalements mentionn\u00e9s par le site sp\u00e9cialis\u00e9 AirLive, l&rsquo;avion a subi un incendie de moteur au moment du d\u00e9collage et c&rsquo;est ce qui a d\u00e9clench\u00e9 les flammes en bord de piste.<\/p>\n<p>\u00ab\u00a0\u00c0 la suite de l&rsquo;incident, l&rsquo;avion a \u00e9t\u00e9 aper\u00e7u en train de manoeuvrer (&#8230;) pour se d\u00e9lester de carburant, une proc\u00e9dure cruciale de s\u00e9curit\u00e9 pour r\u00e9duire le poids de l&rsquo;avion avant de tenter un atterrissage d&rsquo;urgence\u00a0\u00bb, a-t-il expliqu\u00e9.<\/p>\n<p>D&rsquo;apr\u00e8s l&rsquo;immatriculation fournie par le site, cet appareil a \u00e9t\u00e9 livr\u00e9 en novembre 1998 \u00e0 Continental Airlines &#8211; qui a \u00e9t\u00e9 absorb\u00e9 plus tard par United Airlines &#8211; et il est \u00e9quip\u00e9 de deux moteurs General Electric (devenu GE Aerospace en 2024).<\/p>\n","protected":false},"excerpt":{"rendered":"Un feu de broussailles s&rsquo;est produit \u00e0 l&rsquo;a\u00e9roport de Washington Dulles aux \u00c9tats-Unis ce samedi 13 d\u00e9cembre, apr\u00e8s&hellip;\n","protected":false},"author":2,"featured_media":597826,"comment_status":"","ping_status":"","sticky":false,"template":"","format":"standard","meta":{"footnotes":""},"categories":[6],"tags":[35,33,34,1011,27],"class_list":{"0":"post-597825","1":"post","2":"type-post","3":"status-publish","4":"format-standard","5":"has-post-thumbnail","7":"category-economie","8":"tag-business","9":"tag-economie","10":"tag-economy","11":"tag-fr","12":"tag-france"},"share_on_mastodon":{"url":"https:\/\/pubeurope.com\/@fr\/115715514534097513","error":""},"_links":{"self":[{"href":"https:\/\/www.europesays.com\/fr\/wp-json\/wp\/v2\/posts\/597825","targetHints":{"allow":["GET"]}}],"collection":[{"href":"https:\/\/www.europesays.com\/fr\/wp-json\/wp\/v2\/posts"}],"about":[{"href":"https:\/\/www.europesays.com\/fr\/wp-json\/wp\/v2\/types\/post"}],"author":[{"embeddable":true,"href":"https:\/\/www.europesays.com\/fr\/wp-json\/wp\/v2\/users\/2"}],"replies":[{"embeddable":true,"href":"https:\/\/www.europesays.com\/fr\/wp-json\/wp\/v2\/comments?post=597825"}],"version-history":[{"count":0,"href":"https:\/\/www.europesays.com\/fr\/wp-json\/wp\/v2\/posts\/597825\/revisions"}],"wp:featuredmedia":[{"embeddable":true,"href":"https:\/\/www.europesays.com\/fr\/wp-json\/wp\/v2\/media\/597826"}],"wp:attachment":[{"href":"https:\/\/www.europesays.com\/fr\/wp-json\/wp\/v2\/media?parent=597825"}],"wp:term":[{"taxonomy":"category","embeddable":true,"href":"https:\/\/www.europesays.com\/fr\/wp-json\/wp\/v2\/categories?post=597825"},{"taxonomy":"post_tag","embeddable":true,"href":"https:\/\/www.europesays.com\/fr\/wp-json\/wp\/v2\/tags?post=597825"}],"curies":[{"name":"wp","href":"https:\/\/api.w.org\/{rel}","templated":true}]}}