{"id":597829,"date":"2025-12-14T02:17:22","date_gmt":"2025-12-14T02:17:22","guid":{"rendered":"https:\/\/www.europesays.com\/fr\/597829\/"},"modified":"2025-12-14T02:17:22","modified_gmt":"2025-12-14T02:17:22","slug":"un-sondage-place-la-gauche-unie-sans-lfi-devant-rachida-dati-au-1er-tour","status":"publish","type":"post","link":"https:\/\/www.europesays.com\/fr\/597829\/","title":{"rendered":"Un sondage place la gauche unie, sans LFI, devant Rachida Dati au 1er tour"},"content":{"rendered":"<p>Une liste d\u2019union de la gauche conduite par le socialiste Emmanuel Gr\u00e9goire, sans <a href=\"https:\/\/www.20minutes.fr\/politique\/france-insoumise\/\" class=\"c-link c-link--is-underlined\" target=\"_blank\" rel=\"noopener\">LFI<\/a>, arriverait en t\u00eate du premier tour des <a href=\"https:\/\/www.20minutes.fr\/municipales\/\" class=\"c-link c-link--is-underlined\" target=\"_blank\" rel=\"noopener\">municipales<\/a> \u00e0 <a href=\"https:\/\/www.20minutes.fr\/paris\/\" class=\"c-link c-link--is-underlined\" target=\"_blank\" rel=\"noopener\">Paris<\/a>, devant celle de la droite men\u00e9e par <a href=\"https:\/\/www.20minutes.fr\/politique\/rachida_dati\" class=\"c-link c-link--is-underlined\" target=\"_blank\" rel=\"noopener\">Rachida Dati<\/a>, selon un sondage <a href=\"https:\/\/www.20minutes.fr\/dossier\/ipsos\" class=\"c-link c-link--is-underlined\" target=\"_blank\" rel=\"noopener\">Ipsos<\/a>* pour Le Parisien, indique l\u2019<a href=\"https:\/\/www.20minutes.fr\/dossier\/afp\" class=\"c-link c-link--is-underlined\" target=\"_blank\" rel=\"noopener\">AFP<\/a>.<\/p>\n<p>Quadrangulaire en vue\u00a0?<\/p>\n<p>Quatre listes sont en mesure de se qualifier au second tour en mars\u00a02026, pouvant donner lieu \u00e0 une quadrangulaire, selon ce sondage publi\u00e9 ce samedi.<\/p>\n<p>Une liste d\u2019alliance men\u00e9e par Emmanuel Gr\u00e9goire, soutenue par les <a href=\"https:\/\/www.20minutes.fr\/politique\/eelv\/\" class=\"c-link c-link--is-underlined\" target=\"_blank\" rel=\"noopener\">Ecologistes<\/a> et le <a href=\"https:\/\/www.20minutes.fr\/politique\/pcf\/\" class=\"c-link c-link--is-underlined\" target=\"_blank\" rel=\"noopener\">Parti communiste<\/a>, qui est actuellement en n\u00e9gociation, remporterait 32\u00a0% des suffrages au premier tour du scrutin, devant la liste de la candidate des <a href=\"https:\/\/www.20minutes.fr\/politique\/lr\/\" class=\"c-link c-link--is-underlined\" target=\"_blank\" rel=\"noopener\">LR<\/a> Rachida Dati, soutenue par le <a href=\"https:\/\/www.20minutes.fr\/dossier\/modem\" class=\"c-link c-link--is-underlined\" target=\"_blank\" rel=\"noopener\">MoDem<\/a>, qui en recueillerait 27\u00a0%.<\/p>\n<p>Dans un sondage Ifop paru en novembre dernier, la ministre de la <a href=\"https:\/\/www.20minutes.fr\/arts-stars\/culture\/\" class=\"c-link c-link--is-underlined\" target=\"_blank\" rel=\"noopener\">Culture<\/a> et maire du 7e\u00a0arrondissement distanciait, avec le m\u00eame score, son concurrent socialiste, ex-premier adjoint \u00e0 la maire sortante <a href=\"https:\/\/www.20minutes.fr\/dossier\/anne_hidalgo\" class=\"c-link c-link--is-underlined\" target=\"_blank\" rel=\"noopener\">Anne Hidalgo<\/a>, cr\u00e9dit\u00e9 alors de 20 \u00e0 22\u00a0% des intentions de vote, en fonction des diff\u00e9rentes strat\u00e9gies d\u2019union \u00e0 gauche.<\/p>\n<p>Selon l\u2019enqu\u00eate d\u2019Ipsos, la liste de Rachida Dati devance nettement celle du candidat <a href=\"https:\/\/www.20minutes.fr\/horizons\/\" class=\"c-link c-link--is-underlined\" target=\"_blank\" rel=\"noopener\">Horizons<\/a> Pierre-Yves Bournazel, soutenue par <a href=\"https:\/\/www.20minutes.fr\/politique\/renaissance\/\" class=\"c-link c-link--is-underlined\" target=\"_blank\" rel=\"noopener\">Renaissance<\/a>, cr\u00e9dit\u00e9e de 14\u00a0% des intentions de vote. <a href=\"https:\/\/www.20minutes.fr\/dossier\/sophia-chikirou\" class=\"c-link c-link--is-underlined\" target=\"_blank\" rel=\"noopener\">Sophia Chikirou<\/a>, t\u00eate de liste LFI, est donn\u00e9e \u00e0 13\u00a0%.<\/p>\n<p>Gu\u00e9guerre entre Socialistes et Ecologistes<\/p>\n<p>Une fusion des listes LFI et <a href=\"https:\/\/www.20minutes.fr\/politique\/ps\/\" class=\"c-link c-link--is-underlined\" target=\"_blank\" rel=\"noopener\">PS<\/a> semble exclue, Sophia Chikirou ayant d\u00e9clar\u00e9, fin novembre, qu\u2019il \u00ab\u00a0ne faut pas qu\u2019un socialiste soit maire de Paris\u00a0\u00bb, tandis qu\u2019Emmanuel Gr\u00e9goire a toujours \u00e9cart\u00e9 des discussions avec la d\u00e9put\u00e9e insoumise.<\/p>\n<p>Si les socialistes et les \u00e9cologistes se pr\u00e9sentaient s\u00e9par\u00e9ment, Emmanuel Gr\u00e9goire (20\u00a0%) devancerait le candidat \u00e9cologiste David Belliard (14\u00a0%). Rachida Dati virerait alors en t\u00eate \u00e0 l\u2019issue du premier tour, toujours avec 27\u00a0% des intentions de vote. Socialistes et \u00e9cologistes sont engag\u00e9s depuis plus de trois mois dans de difficiles n\u00e9gociations sur une union d\u00e8s le premier tour, ce qui serait une premi\u00e8re depuis que la gauche dirige la capitale. Un accord est n\u00e9anmoins annonc\u00e9 comme proche.<\/p>\n<p>Au c\u0153ur des discussions\u00a0: le nombre de conseillers de Paris, les futurs postes d\u2019adjoints \u00e0 l\u2019H\u00f4tel de Ville et surtout les mairies d\u2019arrondissements. Le PS aurait, selon plusieurs sources, propos\u00e9 aux Ecologistes de leur c\u00e9der une de leurs mairies s\u2019ils acceptaient de se joindre \u00e0 Emmanuel Gr\u00e9goire.<\/p>\n<p><\/p>\n<p>Le RN et Knafo seraient ex aequo<\/p>\n<p>A l\u2019extr\u00eame droite, la liste du <a href=\"https:\/\/www.20minutes.fr\/politique\/rassemblement-national\/\" class=\"c-link c-link--is-underlined\" target=\"_blank\" rel=\"noopener\">RN<\/a> de <a href=\"https:\/\/www.20minutes.fr\/dossier\/thierry_mariani\" class=\"c-link c-link--is-underlined\" target=\"_blank\" rel=\"noopener\">Thierry Mariani<\/a> est cr\u00e9dit\u00e9e de 7\u00a0% des intentions de vote, ex aequo avec celle de Sarah Knafo, candidate potentielle mais non encore d\u00e9clar\u00e9e de <a href=\"https:\/\/www.20minutes.fr\/politique\/reconquete\/\" class=\"c-link c-link--is-underlined\" target=\"_blank\" rel=\"noopener\">Reconqu\u00eate<\/a>, le parti d\u2019<a href=\"https:\/\/www.20minutes.fr\/dossier\/eric_zemmour\" class=\"c-link c-link--is-underlined\" target=\"_blank\" rel=\"noopener\">\u00c9ric Zemmour<\/a>.<\/p>\n","protected":false},"excerpt":{"rendered":"Une liste d\u2019union de la gauche conduite par le socialiste Emmanuel Gr\u00e9goire, sans LFI, arriverait en t\u00eate du&hellip;\n","protected":false},"author":2,"featured_media":597830,"comment_status":"","ping_status":"","sticky":false,"template":"","format":"standard","meta":{"footnotes":""},"categories":[4],"tags":[47,11,2761,1011,27,662,12,626,316,417,25],"class_list":{"0":"post-597829","1":"post","2":"type-post","3":"status-publish","4":"format-standard","5":"has-post-thumbnail","7":"category-france","8":"tag-actualite","9":"tag-actualites","10":"tag-elections-municipales-2026","11":"tag-fr","12":"tag-france","13":"tag-ile-de-france","14":"tag-news","15":"tag-paris","16":"tag-politique","17":"tag-rachida-dati","18":"tag-republique-francaise"},"share_on_mastodon":{"url":"https:\/\/pubeurope.com\/@fr\/115715522257496339","error":""},"_links":{"self":[{"href":"https:\/\/www.europesays.com\/fr\/wp-json\/wp\/v2\/posts\/597829","targetHints":{"allow":["GET"]}}],"collection":[{"href":"https:\/\/www.europesays.com\/fr\/wp-json\/wp\/v2\/posts"}],"about":[{"href":"https:\/\/www.europesays.com\/fr\/wp-json\/wp\/v2\/types\/post"}],"author":[{"embeddable":true,"href":"https:\/\/www.europesays.com\/fr\/wp-json\/wp\/v2\/users\/2"}],"replies":[{"embeddable":true,"href":"https:\/\/www.europesays.com\/fr\/wp-json\/wp\/v2\/comments?post=597829"}],"version-history":[{"count":0,"href":"https:\/\/www.europesays.com\/fr\/wp-json\/wp\/v2\/posts\/597829\/revisions"}],"wp:featuredmedia":[{"embeddable":true,"href":"https:\/\/www.europesays.com\/fr\/wp-json\/wp\/v2\/media\/597830"}],"wp:attachment":[{"href":"https:\/\/www.europesays.com\/fr\/wp-json\/wp\/v2\/media?parent=597829"}],"wp:term":[{"taxonomy":"category","embeddable":true,"href":"https:\/\/www.europesays.com\/fr\/wp-json\/wp\/v2\/categories?post=597829"},{"taxonomy":"post_tag","embeddable":true,"href":"https:\/\/www.europesays.com\/fr\/wp-json\/wp\/v2\/tags?post=597829"}],"curies":[{"name":"wp","href":"https:\/\/api.w.org\/{rel}","templated":true}]}}