{"id":597831,"date":"2025-12-14T02:18:18","date_gmt":"2025-12-14T02:18:18","guid":{"rendered":"https:\/\/www.europesays.com\/fr\/597831\/"},"modified":"2025-12-14T02:18:18","modified_gmt":"2025-12-14T02:18:18","slug":"a-lechangeur-de-carbonne-des-eleveurs-menes-par-jerome-bayle-refont-barrage-sans-les-gros-syndicats-liberation","status":"publish","type":"post","link":"https:\/\/www.europesays.com\/fr\/597831\/","title":{"rendered":"\u00e0 l\u2019\u00e9changeur de Carbonne, des \u00e9leveurs men\u00e9s par J\u00e9r\u00f4me Bayle refont barrage sans les gros syndicats \u2013 Lib\u00e9ration"},"content":{"rendered":"<p class=\"sc-cPiKLX AiZTS text-element\">Ils ont remis le couvert. Les \u00e9leveurs en col\u00e8re qui avaient bloqu\u00e9 la voie express entre Toulouse et Bayonne (A64) <a href=\"https:\/\/www.liberation.fr\/environnement\/agriculture\/barrage-des-agriculteurs-a-toulouse-on-ne-bougera-pas-tant-que-gabriel-attal-ne-viendra-pas-nous-voir-20240121_ZYBIPRCT3NALPLHBHA4FRCR7SE\/\" target=\"_blank\" rel=\"noopener\" title=\"https:\/\/www.liberation.fr\/environnement\/agriculture\/barrage-des-agriculteurs-a-toulouse-on-ne-bougera-pas-tant-que-gabriel-attal-ne-viendra-pas-nous-voir-20240121_ZYBIPRCT3NALPLHBHA4FRCR7SE\/\">en janvier 2024<\/a> ont retrouv\u00e9 leur \u00e9changeur f\u00e9tiche de Carbonne (Haute-Garonne). Le barrage routier mis en place par J\u00e9r\u00f4me Bayle avait connu son quart d\u2019heure warholien de c\u00e9l\u00e9brit\u00e9 quand Gabriel Attal, alors Premier ministre, <a href=\"https:\/\/www.liberation.fr\/environnement\/agriculture\/concessions-de-gabriel-attal-aux-agriculteurs-un-coup-depee-dans-leau-20240127_RRUNLPGLUBBIBFAV3MLUUH7GIY\/https:\/\/www.liberation.fr\/environnement\/agriculture\/concessions-de-gabriel-attal-aux-agriculteurs-un-coup-depee-dans-leau-20240127_RRUNLPGLUBBIBFAV3MLUUH7GIY\/\" target=\"_blank\" rel=\"noopener\" title=\"https:\/\/www.liberation.fr\/environnement\/agriculture\/concessions-de-gabriel-attal-aux-agriculteurs-un-coup-depee-dans-leau-20240127_RRUNLPGLUBBIBFAV3MLUUH7GIY\/https:\/\/www.liberation.fr\/environnement\/agriculture\/concessions-de-gabriel-attal-aux-agriculteurs-un-coup-depee-dans-leau-20240127_RRUNLPGLUBBIBFAV3MLUUH7GIY\/\">y avait partag\u00e9 un plat de charcuterie<\/a> \u00e0 la nuit <\/p>\n","protected":false},"excerpt":{"rendered":"Ils ont remis le couvert. Les \u00e9leveurs en col\u00e8re qui avaient bloqu\u00e9 la voie express entre Toulouse et&hellip;\n","protected":false},"author":2,"featured_media":597832,"comment_status":"","ping_status":"","sticky":false,"template":"","format":"standard","meta":{"footnotes":""},"categories":[2],"tags":[11,21427,71054,1011,27,12],"class_list":{"0":"post-597831","1":"post","2":"type-post","3":"status-publish","4":"format-standard","5":"has-post-thumbnail","7":"category-actualites","8":"tag-actualites","9":"tag-agriculteurs-en-colere","10":"tag-dermatose-nodulaire-contagieuse","11":"tag-fr","12":"tag-france","13":"tag-news"},"share_on_mastodon":{"url":"https:\/\/pubeurope.com\/@fr\/115715526042595996","error":""},"_links":{"self":[{"href":"https:\/\/www.europesays.com\/fr\/wp-json\/wp\/v2\/posts\/597831","targetHints":{"allow":["GET"]}}],"collection":[{"href":"https:\/\/www.europesays.com\/fr\/wp-json\/wp\/v2\/posts"}],"about":[{"href":"https:\/\/www.europesays.com\/fr\/wp-json\/wp\/v2\/types\/post"}],"author":[{"embeddable":true,"href":"https:\/\/www.europesays.com\/fr\/wp-json\/wp\/v2\/users\/2"}],"replies":[{"embeddable":true,"href":"https:\/\/www.europesays.com\/fr\/wp-json\/wp\/v2\/comments?post=597831"}],"version-history":[{"count":0,"href":"https:\/\/www.europesays.com\/fr\/wp-json\/wp\/v2\/posts\/597831\/revisions"}],"wp:featuredmedia":[{"embeddable":true,"href":"https:\/\/www.europesays.com\/fr\/wp-json\/wp\/v2\/media\/597832"}],"wp:attachment":[{"href":"https:\/\/www.europesays.com\/fr\/wp-json\/wp\/v2\/media?parent=597831"}],"wp:term":[{"taxonomy":"category","embeddable":true,"href":"https:\/\/www.europesays.com\/fr\/wp-json\/wp\/v2\/categories?post=597831"},{"taxonomy":"post_tag","embeddable":true,"href":"https:\/\/www.europesays.com\/fr\/wp-json\/wp\/v2\/tags?post=597831"}],"curies":[{"name":"wp","href":"https:\/\/api.w.org\/{rel}","templated":true}]}}