{"id":597843,"date":"2025-12-14T02:29:47","date_gmt":"2025-12-14T02:29:47","guid":{"rendered":"https:\/\/www.europesays.com\/fr\/597843\/"},"modified":"2025-12-14T02:29:47","modified_gmt":"2025-12-14T02:29:47","slug":"lessentiel-de-la-16e-journee-federation-francaise-de-football-fff","status":"publish","type":"post","link":"https:\/\/www.europesays.com\/fr\/597843\/","title":{"rendered":"L&rsquo;essentiel de la 16e journ\u00e9e | F\u00e9d\u00e9ration Fran\u00e7aise de Football (FFF)"},"content":{"rendered":"<p>                                                              <img data-twic-src=\"https:\/\/www.europesays.com\/fr\/wp-content\/uploads\/2025\/12\/847e286969ff68f65969d83adc0eca2e.png\" data-credit=\"Sandra RUHAUT \/ ICON SPORT\" title=\"Sandra RUHAUT \/ ICON SPORT\" alt=\"FC Rouen Kenny Rocha Santos\" class=\"block\"\/>                                        <\/p>\n<p style=\"font-weight: bold\">Dijon, accroch\u00e9 \u00e0 Ch\u00e2teauroux lors de cette 16e journ\u00e9e de National, a laiss\u00e9 la premi\u00e8re place au FC Rouen, vainqueur du derby face \u00e0 QRM. Orl\u00e9ans et Aubagne passent devant Versailles. <\/p>\n<p class=\"light\">Vainqueur du derby rouennais, le FC Rouen a repris la premi\u00e8re place \u00e0 Dijon, tenu en \u00e9chec \u00e0 Ch\u00e2teauroux. Battu \u00e0 Orl\u00e9ans (2-0), qui prend la troisi\u00e8me place, Versailles est d\u00e9sormais d\u00e9pass\u00e9 par Aubagne Air-Bel, encore vainqueur \u00e0 l\u2019ext\u00e9rieur (3-1 \u00e0 Saint-Brieuc). Dans le duel des promus, c\u2019est Le Puy Foot qui est venu \u00e0 bout de Fleury (2-1) et pointe d\u00e9sormais \u00e0 la septi\u00e8me place. Dans le bas de tableau, Bourg sort de la zone rouge apr\u00e8s sa victoire sur Villefranche (1-0). Le match Valenciennes-Sochaux a \u00e9t\u00e9 interrompu \u00e0 cinq minutes de la fin du temps additionnel en raison du comportement des supporters alors que le score \u00e9tait de 0-1, puis d\u00e9finitivement arr\u00eat\u00e9.\u00a0<\/p>\n<p class=\"light\" style=\"text-align: center;\"><a href=\"https:\/\/www.fff.fr\/score-en-direct\/1qd0wvt30rlswa4g6nu4na660.html\" target=\"_blank\" rel=\"noopener\"><strong>Le classement du National<\/strong><\/a><\/p>\n<p>\u00a0LES CHIFFRES DE LA JOURN\u00c9E\u00a0<\/p>\n<p><strong>7<\/strong><\/p>\n<p>Matchs disput\u00e9s et une rencontre d\u00e9finitivement arr\u00eat\u00e9e apr\u00e8s avoir \u00e9t\u00e9 interrompue (Valenciennes-Sochaux)<\/p>\n<p><strong>5<\/strong><\/p>\n<p>Victoires, dont 2 \u00e0 l&rsquo;ext\u00e9rieur (Bourg et Aubagne)<\/p>\n<p><strong>2<\/strong><\/p>\n<p>R\u00e9sultats nuls (Ch\u00e2teauroux, Dijon, Paris 13, Concarneau)<\/p>\n<p><strong>24<\/strong><\/p>\n<p>Buts inscrits par Dijon FCO, meilleure attaque<\/p>\n<p><strong>9<\/strong><\/p>\n<p>Buts pris par Dijon FCO et le FC Rouen, meilleures d\u00e9fenses<\/p>\n<p>\u00a0LE FAIT DU JOUR\u00a0<br \/>Derby gagnant pour le FC Rouen<\/p>\n<p>Dans le derby des extr\u00eames, le FC Rouen, meilleure \u00e9quipe \u00e0 domicile en National partait favori contre QRM qui restait sur quatre d\u00e9faites d\u2019affil\u00e9e. Dans un stade Robert-Diochon \u00e0 guichets ferm\u00e9s (7 950 spectateurs), il faudra attendre la 40e minute pour voir enfin un but, sign\u00e9 Kenny Rocha Santos (notre photo de t\u00eate) sur un centre de Daniel Goprou d\u00e9vi\u00e9 de l\u2019\u00e9paule par Amadou Ba-Sy au c\u0153ur de la surface. Le sixi\u00e8me but de l\u2019international capverdien sera le seul de la soir\u00e9e. Mais il sera suffisant pour permettre aux Diables Rouges de reprendre la t\u00eate du National devant Dijon.<\/p>\n<blockquote class=\"twitter-tweet\">\n<p dir=\"ltr\" lang=\"fr\"><a href=\"https:\/\/twitter.com\/hashtag\/FCRQUE?src=hash&amp;ref_src=twsrc%5Etfw\" target=\"_blank\" rel=\"noopener\">#FCRQUE<\/a> | \ud835\uddd9\ud835\uddf6\ud835\uddfb \ud835\uddf1\ud835\ude02 \ud835\uddfa\ud835\uddee\ud835\ude01\ud835\uddf0\ud835\uddf5<\/p>\n<p>Dans un Diochon \u00e0 guichets ferm\u00e9s, le FC Rouen s&rsquo;impose contre Quevilly ! \ud83d\udd25\ud83d\ude0d<\/p>\n<p>ROUEN C&rsquo;EST NOUS \ud83d\udd34\u26aa<a href=\"https:\/\/twitter.com\/hashtag\/TeamFCR?src=hash&amp;ref_src=twsrc%5Etfw\" target=\"_blank\" rel=\"noopener\">#TeamFCR<\/a> <a href=\"https:\/\/twitter.com\/hashtag\/Rouen?src=hash&amp;ref_src=twsrc%5Etfw\" target=\"_blank\" rel=\"noopener\">#Rouen<\/a> <a href=\"https:\/\/twitter.com\/hashtag\/Normandie?src=hash&amp;ref_src=twsrc%5Etfw\" target=\"_blank\" rel=\"noopener\">#Normandie<\/a> <a href=\"https:\/\/twitter.com\/hashtag\/FCR1899?src=hash&amp;ref_src=twsrc%5Etfw\" target=\"_blank\" rel=\"noopener\">#FCR1899<\/a> <a href=\"https:\/\/t.co\/Z8giio9H85\">pic.twitter.com\/Z8giio9H85<\/a><\/p>\n<p>\u2014 FC Rouen 1899 (@fcr1899) <a href=\"https:\/\/twitter.com\/fcr1899\/status\/1999583625986113843?ref_src=twsrc%5Etfw\" target=\"_blank\" rel=\"noopener\">December 12, 2025<\/a><\/p><\/blockquote>\n<p>\u00a0LE BUT DU JOUR\u00a0<br \/>Mokrane Bentoumi (Aubagne Air-Bel)<\/p>\n<p>D\u00e9cid\u00e9ment, les Proven\u00e7aux sont meilleurs \u00e0 l&rsquo;ext\u00e9rieur qu&rsquo;\u00e0 domicile cette saison, et ils l&rsquo;ont encore prouv\u00e9 en l&#8217;emportant chez la lanterne rouge, le Stade Briochin (3-1). Alors que les locaux avaient r\u00e9duit le score avant la demi-heure de jeu et prenait tous les risques pour revenir, Aubagne Air-Bel donnait le coup de gr\u00e2ce dans le dernier quart d&rsquo;heure avec un exploit de Mokrane Benoumi qui se d\u00e9calait dans l\u2019axe et l\u00e2chait une frappe enroul\u00e9e du gauche pr\u00e8s du poteau droit (77e, 1-3). La cinqui\u00e8me place r\u00e9compense ce tr\u00e8s bon r\u00e9sultat.<\/p>\n<blockquote class=\"twitter-tweet\">\n<p dir=\"ltr\" lang=\"fr\">Le ph\u00e9nom\u00e8ne Mokrane BENTOUMI en d\u00e9monstration !<br \/>Le <a href=\"https:\/\/twitter.com\/Scaabofficiel?ref_src=twsrc%5Etfw\" target=\"_blank\" rel=\"noopener\">@Scaabofficiel<\/a> d\u00e9roule <\/p>\n<p>Suivez le match en direct sur notre cha\u00eene YouTube \u00ab\u00a0Championnat National Officiel\u00a0\u00bb !<a href=\"https:\/\/twitter.com\/hashtag\/NationalFFF?src=hash&amp;ref_src=twsrc%5Etfw\" target=\"_blank\" rel=\"noopener\">#NationalFFF<\/a> <a href=\"https:\/\/t.co\/4iQT4JyvBt\">pic.twitter.com\/4iQT4JyvBt<\/a><\/p>\n<p>\u2014 Championnat National (@NationalFFF) <a href=\"https:\/\/twitter.com\/NationalFFF\/status\/1999572502406627648?ref_src=twsrc%5Etfw\" target=\"_blank\" rel=\"noopener\">December 12, 2025<\/a><\/p><\/blockquote>\n<p>\u00a0LE JOUEUR DU JOUR\u00a0<br \/>Marvin Adela\u00efde (Le Puy Foot)<\/p>\n<p>Dans le duel entre promus, c&rsquo;est finalement Le Puy qui a pris le dessus sur Fleury (2-1) et reste d\u00e9sormais sur seize points pris lors de ses six derniers matches en National (cinq victoires, un nul). Fleury avait ouvert le score par Loup Hervieu, mais Cl\u00e9ment Rodrigues \u00e9galisait \u00e0 la 72e sur p\u00e9nalty avant que les deux entrants, Josselin Gromat \u00e0 la passe et Marvin Adela\u00efde \u00e0 la finition, ne donnent la victoire aux locaux. Le Puy est d\u00e9sormais septi\u00e8me et a d\u00e9pass\u00e9 Fleury, mais les deux \u00e9quipes r\u00e9alisent une belle saison.\u00a0<\/p>\n<blockquote class=\"twitter-tweet\">\n<p dir=\"ltr\" lang=\"fr\">Marvin Adelaide soulage <a href=\"https:\/\/twitter.com\/lepuyfoot?ref_src=twsrc%5Etfw\" target=\"_blank\" rel=\"noopener\">@lepuyfoot<\/a> ! 2-1<\/p>\n<p>Suivez le match en direct sur notre cha\u00eene YouTube \u00ab\u00a0Championnat National Officiel\u00a0\u00bb !<a href=\"https:\/\/twitter.com\/hashtag\/NationalFFF?src=hash&amp;ref_src=twsrc%5Etfw\" target=\"_blank\" rel=\"noopener\">#NationalFFF<\/a> <a href=\"https:\/\/t.co\/qSnKmJyeTk\">pic.twitter.com\/qSnKmJyeTk<\/a><\/p>\n<p>\u2014 Championnat National (@NationalFFF) <a href=\"https:\/\/twitter.com\/NationalFFF\/status\/1999573729576124713?ref_src=twsrc%5Etfw\" target=\"_blank\" rel=\"noopener\">December 12, 2025<\/a><\/p><\/blockquote>\n<p>\u00a0<\/p>\n<p>\u00a0LES STATISTIQUES APR\u00c8S 16 JOURN\u00c9ES\u00a0<\/p>\n<p><strong>38<\/strong><\/p>\n<p>Victoires en d\u00e9placement<\/p>\n<p><strong>159<\/strong><\/p>\n<p>Buts marqu\u00e9s \u00e0 domicile<\/p>\n<p><strong>136<\/strong><\/p>\n<p>Buts inscrits \u00e0 l&rsquo;ext\u00e9rieur<\/p>\n<p>\u00a0<\/p>\n<p>La prochaine journ\u00e9e (J17)<\/p>\n<p class=\"light\">&#8211; Vendredi 16 janvier (19h30, en direct sur YouTube National) :<\/p>\n<ul>\n<li class=\"light\">US Concarneau &#8211; SM Caen<\/li>\n<li class=\"light\">SC Aubagne Air Bel &#8211; Paris 13 Atl\u00e9tico<\/li>\n<li class=\"light\">Quevilly Rouen M\u00e9tropole &#8211; Stade Briochin<\/li>\n<li class=\"light\">Versailles 78 FC &#8211; FC Rouen<\/li>\n<li class=\"light\">Fleury 91 FC &#8211; US Orl\u00e9ans LF<\/li>\n<li class=\"light\">Dijon FCO &#8211; Le Puy F43A<\/li>\n<li class=\"light\">FC Sochaux-Montb\u00e9liard &#8211; Berrichonne Ch\u00e2teauroux<\/li>\n<li class=\"light\">Valenciennes FC &#8211; Bourg-en-Bresse P\u00e9ronnas<\/li>\n<\/ul>\n<p class=\"light\">Exempt : FC Villefranche Beaujolais<\/p>\n<p>    <script async src=\"https:\/\/platform.twitter.com\/widgets.js\" charset=\"utf-8\"><\/script><\/p>\n","protected":false},"excerpt":{"rendered":"Dijon, accroch\u00e9 \u00e0 Ch\u00e2teauroux lors de cette 16e journ\u00e9e de National, a laiss\u00e9 la premi\u00e8re place au FC&hellip;\n","protected":false},"author":2,"featured_media":597844,"comment_status":"","ping_status":"","sticky":false,"template":"","format":"standard","meta":{"footnotes":""},"categories":[9587],"tags":[1111,11,1777,674,85,1011,27,12,5161,25,9590],"class_list":{"0":"post-597843","1":"post","2":"type-post","3":"status-publish","4":"format-standard","5":"has-post-thumbnail","7":"category-rouen","8":"tag-actu","9":"tag-actualites","10":"tag-eu","11":"tag-europe","12":"tag-fff","13":"tag-fr","14":"tag-france","15":"tag-news","16":"tag-normandie","17":"tag-republique-francaise","18":"tag-rouen"},"share_on_mastodon":{"url":"https:\/\/pubeurope.com\/@fr\/115715573219359947","error":""},"_links":{"self":[{"href":"https:\/\/www.europesays.com\/fr\/wp-json\/wp\/v2\/posts\/597843","targetHints":{"allow":["GET"]}}],"collection":[{"href":"https:\/\/www.europesays.com\/fr\/wp-json\/wp\/v2\/posts"}],"about":[{"href":"https:\/\/www.europesays.com\/fr\/wp-json\/wp\/v2\/types\/post"}],"author":[{"embeddable":true,"href":"https:\/\/www.europesays.com\/fr\/wp-json\/wp\/v2\/users\/2"}],"replies":[{"embeddable":true,"href":"https:\/\/www.europesays.com\/fr\/wp-json\/wp\/v2\/comments?post=597843"}],"version-history":[{"count":0,"href":"https:\/\/www.europesays.com\/fr\/wp-json\/wp\/v2\/posts\/597843\/revisions"}],"wp:featuredmedia":[{"embeddable":true,"href":"https:\/\/www.europesays.com\/fr\/wp-json\/wp\/v2\/media\/597844"}],"wp:attachment":[{"href":"https:\/\/www.europesays.com\/fr\/wp-json\/wp\/v2\/media?parent=597843"}],"wp:term":[{"taxonomy":"category","embeddable":true,"href":"https:\/\/www.europesays.com\/fr\/wp-json\/wp\/v2\/categories?post=597843"},{"taxonomy":"post_tag","embeddable":true,"href":"https:\/\/www.europesays.com\/fr\/wp-json\/wp\/v2\/tags?post=597843"}],"curies":[{"name":"wp","href":"https:\/\/api.w.org\/{rel}","templated":true}]}}