{"id":597847,"date":"2025-12-14T02:34:12","date_gmt":"2025-12-14T02:34:12","guid":{"rendered":"https:\/\/www.europesays.com\/fr\/597847\/"},"modified":"2025-12-14T02:34:12","modified_gmt":"2025-12-14T02:34:12","slug":"trois-kayakistes-tombent-a-leau-au-large-des-cotes-dille-et-vilaine-une-femme-de-58-ans-2","status":"publish","type":"post","link":"https:\/\/www.europesays.com\/fr\/597847\/","title":{"rendered":"Trois kayakistes tombent \u00e0 l\u2019eau au large des c\u00f4tes d\u2019Ille-et-Vilaine, une femme de 58\u00a0ans"},"content":{"rendered":"<p>Les secours, alert\u00e9s aux alentours de 12\u00a0h\u00a030, sont intervenus ce samedi 13\u00a0d\u00e9cembre 2025, sur l\u2019\u00eele des Petits Chevrets, \u00e0 Saint-Coulomb, entre Cancale et Saint-Malo (Ille-et-Vilaine).<\/p>\n<p><strong>Lire aussi\u00a0: <\/strong> <a href=\"https:\/\/saint-malo.maville.com\/actu\/actudet_--vous-etes-dans-un-metier-qui-bouge-le-travail-des-guetteurs-semaphoristes-a-ete-honore-a-quiberon-_7-7106528_actu.Htm\" target=\"_blank\" rel=\"noopener\">\u00ab\u00a0Vous \u00eates dans un m\u00e9tier qui bouge\u00a0\u00bb\u00a0: le travail des guetteurs s\u00e9maphoriques a \u00e9t\u00e9 honor\u00e9 \u00e0 Quiberon<\/a><\/p>\n<p>Une embarcation vide<\/p>\n<p>Les pompiers ont mobilis\u00e9 des moyens nautiques pour porter secours \u00e0 trois kayakistes partis le matin pour une sortie en mer. Tomb\u00e9s \u00e0 l\u2019eau, deux hommes \u00e2g\u00e9s de 42 et 66\u00a0ans sont parvenus \u00e0 rentrer sur la plage \u00e0 la nage. L\u2019inqui\u00e9tude portait sur une troisi\u00e8me personne, dont l\u2019embarcation avait \u00e9t\u00e9 retrouv\u00e9e vide.<\/p>\n<p>La kayakiste, une femme de 58\u00a0ans, a \u00e9t\u00e9 secourue dans l\u2019eau par le bateau l\u00e9ger des sapeurs pompiers de Saint-Malo, vers 12\u00a0h\u00a045.<\/p>\n<p><strong>Lire aussi\u00a0:<\/strong> <a href=\"https:\/\/saint-malo.maville.com\/actu\/actudet_-eric-zemmour-a-saint-malo-150-personnes-ont-manifeste-contre-sa-venue-pour-une-seance-de-dedicaces-_52701-7108167_actu.Htm\" target=\"_blank\" rel=\"noopener\"> \u00c9ric Zemmour \u00e0 Saint-Malo\u00a0: 150\u00a0personnes ont manifest\u00e9 contre sa venue pour une s\u00e9ance de d\u00e9dicaces<\/a><\/p>\n<p>Elle a \u00e9t\u00e9 transport\u00e9e au centre hospitalier de Saint-Malo, en urgence relative. L\u2019intervention a mobilis\u00e9 douze pompiers, l\u2019h\u00e9licopt\u00e8re de la s\u00e9curit\u00e9 civile Dragon 50, et la SNSM de Saint-Malo.<\/p>\n<p>\u00a0<\/p>\n","protected":false},"excerpt":{"rendered":"Les secours, alert\u00e9s aux alentours de 12\u00a0h\u00a030, sont intervenus ce samedi 13\u00a0d\u00e9cembre 2025, sur l\u2019\u00eele des Petits Chevrets,&hellip;\n","protected":false},"author":2,"featured_media":597394,"comment_status":"","ping_status":"","sticky":false,"template":"","format":"standard","meta":{"footnotes":""},"categories":[2821],"tags":[1111,11,3809,1465,829,1777,674,63,1011,27,1792,1922,12,584,25,479,517,1470],"class_list":{"0":"post-597847","1":"post","2":"type-post","3":"status-publish","4":"format-standard","5":"has-post-thumbnail","7":"category-rennes","8":"tag-actu","9":"tag-actualites","10":"tag-ball","11":"tag-basket","12":"tag-bretagne","13":"tag-eu","14":"tag-europe","15":"tag-football","16":"tag-fr","17":"tag-france","18":"tag-handball","19":"tag-info","20":"tag-news","21":"tag-rennes","22":"tag-republique-francaise","23":"tag-rugby","24":"tag-sport","25":"tag-volley"},"share_on_mastodon":{"url":"https:\/\/pubeurope.com\/@fr\/115715589017012747","error":""},"_links":{"self":[{"href":"https:\/\/www.europesays.com\/fr\/wp-json\/wp\/v2\/posts\/597847","targetHints":{"allow":["GET"]}}],"collection":[{"href":"https:\/\/www.europesays.com\/fr\/wp-json\/wp\/v2\/posts"}],"about":[{"href":"https:\/\/www.europesays.com\/fr\/wp-json\/wp\/v2\/types\/post"}],"author":[{"embeddable":true,"href":"https:\/\/www.europesays.com\/fr\/wp-json\/wp\/v2\/users\/2"}],"replies":[{"embeddable":true,"href":"https:\/\/www.europesays.com\/fr\/wp-json\/wp\/v2\/comments?post=597847"}],"version-history":[{"count":0,"href":"https:\/\/www.europesays.com\/fr\/wp-json\/wp\/v2\/posts\/597847\/revisions"}],"wp:featuredmedia":[{"embeddable":true,"href":"https:\/\/www.europesays.com\/fr\/wp-json\/wp\/v2\/media\/597394"}],"wp:attachment":[{"href":"https:\/\/www.europesays.com\/fr\/wp-json\/wp\/v2\/media?parent=597847"}],"wp:term":[{"taxonomy":"category","embeddable":true,"href":"https:\/\/www.europesays.com\/fr\/wp-json\/wp\/v2\/categories?post=597847"},{"taxonomy":"post_tag","embeddable":true,"href":"https:\/\/www.europesays.com\/fr\/wp-json\/wp\/v2\/tags?post=597847"}],"curies":[{"name":"wp","href":"https:\/\/api.w.org\/{rel}","templated":true}]}}