{"id":597848,"date":"2025-12-14T02:35:15","date_gmt":"2025-12-14T02:35:15","guid":{"rendered":"https:\/\/www.europesays.com\/fr\/597848\/"},"modified":"2025-12-14T02:35:15","modified_gmt":"2025-12-14T02:35:15","slug":"previsions-du-dimanche-14-decembre-2025-7","status":"publish","type":"post","link":"https:\/\/www.europesays.com\/fr\/597848\/","title":{"rendered":"pr\u00e9visions du dimanche 14 d\u00e9cembre 2025"},"content":{"rendered":"<p>Encore de la grisaille aujourd&rsquo;hui. De petits nuages vont stationner sur Rennes. Les maximales iront jusqu&rsquo;\u00e0 12\u00b0C et les minimales seront de 7\u00b0C. Un vent de sud soufflera un peu, avec 13 km\/h. De l\u00e9gers nuages en pr\u00e9vision le matin, et un ciel encore gris. Les valeurs seront comprises entre 10 et 11\u00b0C. Le temps va progressivement s&rsquo;am\u00e9liorer dans l&rsquo;apr\u00e8s-midi et laisser place \u00e0 des \u00e9claircies. Les temp\u00e9ratures s&rsquo;\u00e9chelonneront entre 9\u00b0C et 12\u00b0C. Le soir, on pr\u00e9voit des valeurs d&rsquo;environ 8\u00b0C. Le ciel sera limpide dans la nuit de dimanche \u00e0 lundi.<\/p>\n<p>On observera la pr\u00e9sence persistante de nuages demain \u00e0 Rennes. Il fera 10\u00b0C en moyenne. Un vent de sud est pr\u00e9vu : il soufflera \u00e0 22 km\/h. Le matin, toujours des nuages dans le ciel qui emp\u00eachent le soleil de faire son apparition. Les temp\u00e9ratures seront de 8\u00b0C au plus bas et de 11\u00b0C au maximum. Demain apr\u00e8s-midi, des nuages ne voudront pas c\u00e9der leur place au soleil. Les valeurs s&rsquo;\u00e9chelonneront de 11 \u00e0 13\u00b0C. Le ciel va quelque peu se d\u00e9gager dans la soir\u00e9e avec des \u00e9claircies. Les temp\u00e9ratures afficheront entre 9 et 10\u00b0C.<\/p>\n<p>Une am\u00e9lioration est annonc\u00e9e mercredi, alors que la journ\u00e9e de mardi aura \u00e9t\u00e9 pluvieuse.<\/p>\n<p><\/p>\n","protected":false},"excerpt":{"rendered":"Encore de la grisaille aujourd&rsquo;hui. De petits nuages vont stationner sur Rennes. Les maximales iront jusqu&rsquo;\u00e0 12\u00b0C et&hellip;\n","protected":false},"author":2,"featured_media":597849,"comment_status":"","ping_status":"","sticky":false,"template":"","format":"standard","meta":{"footnotes":""},"categories":[2821],"tags":[1111,11,829,1777,674,1011,27,12,2119,584,25],"class_list":{"0":"post-597848","1":"post","2":"type-post","3":"status-publish","4":"format-standard","5":"has-post-thumbnail","7":"category-rennes","8":"tag-actu","9":"tag-actualites","10":"tag-bretagne","11":"tag-eu","12":"tag-europe","13":"tag-fr","14":"tag-france","15":"tag-news","16":"tag-previsions-meteo","17":"tag-rennes","18":"tag-republique-francaise"},"share_on_mastodon":{"url":"https:\/\/pubeurope.com\/@fr\/115715593075068693","error":""},"_links":{"self":[{"href":"https:\/\/www.europesays.com\/fr\/wp-json\/wp\/v2\/posts\/597848","targetHints":{"allow":["GET"]}}],"collection":[{"href":"https:\/\/www.europesays.com\/fr\/wp-json\/wp\/v2\/posts"}],"about":[{"href":"https:\/\/www.europesays.com\/fr\/wp-json\/wp\/v2\/types\/post"}],"author":[{"embeddable":true,"href":"https:\/\/www.europesays.com\/fr\/wp-json\/wp\/v2\/users\/2"}],"replies":[{"embeddable":true,"href":"https:\/\/www.europesays.com\/fr\/wp-json\/wp\/v2\/comments?post=597848"}],"version-history":[{"count":0,"href":"https:\/\/www.europesays.com\/fr\/wp-json\/wp\/v2\/posts\/597848\/revisions"}],"wp:featuredmedia":[{"embeddable":true,"href":"https:\/\/www.europesays.com\/fr\/wp-json\/wp\/v2\/media\/597849"}],"wp:attachment":[{"href":"https:\/\/www.europesays.com\/fr\/wp-json\/wp\/v2\/media?parent=597848"}],"wp:term":[{"taxonomy":"category","embeddable":true,"href":"https:\/\/www.europesays.com\/fr\/wp-json\/wp\/v2\/categories?post=597848"},{"taxonomy":"post_tag","embeddable":true,"href":"https:\/\/www.europesays.com\/fr\/wp-json\/wp\/v2\/tags?post=597848"}],"curies":[{"name":"wp","href":"https:\/\/api.w.org\/{rel}","templated":true}]}}