{"id":597850,"date":"2025-12-14T02:36:24","date_gmt":"2025-12-14T02:36:24","guid":{"rendered":"https:\/\/www.europesays.com\/fr\/597850\/"},"modified":"2025-12-14T02:36:24","modified_gmt":"2025-12-14T02:36:24","slug":"dans-cette-residence-les-seniors-vivent-en-communaute","status":"publish","type":"post","link":"https:\/\/www.europesays.com\/fr\/597850\/","title":{"rendered":"dans cette r\u00e9sidence, les seniors vivent en communaut\u00e9"},"content":{"rendered":"<p>                    Par<br \/>\n        <strong><br \/>\n            <a href=\"https:\/\/actu.fr\/auteur\/thomas-blanc\" title=\"Consulter tous les articles de Thomas Blanc\" target=\"_blank\" rel=\"noopener\">Thomas Blanc<\/a><br \/>\n                    <\/strong><\/p>\n<p>        Publi\u00e9 le<\/p>\n<p>            13 d\u00e9c. 2025 \u00e0 18h02        <\/p>\n<p>La r\u00e9sidence des Pot\u2019\u00e2g\u00e9s \u00e0 <a href=\"https:\/\/actu.fr\/strasbourg\/\" target=\"_blank\" rel=\"noopener\">Strasbourg<\/a> est le lieu de vie de 10 <a href=\"https:\/\/actu.fr\/tag\/seniors\" target=\"_blank\" rel=\"noopener\">s\u00e9niors<\/a> solos qui font l\u2019exp\u00e9rience de la vie en communaut\u00e9. Depuis novembre\u00a02024, ils sont install\u00e9s dans ce b\u00e2timent neuf de la <strong>rue de Lun\u00e9ville<\/strong> (Neudorf), o\u00f9 en plus de leurs <a href=\"https:\/\/actu.fr\/tag\/logement\" target=\"_blank\" rel=\"noopener\">logements<\/a> personnels, tout un \u00e9tage est d\u00e9di\u00e9 \u00e0 <strong>un espace commun<\/strong>.<\/p>\n<p>Des seniors vivent la vie en communaut\u00e9<\/p>\n<p class=\" wall-content\">Cet \u00e9tage commun comprend toutes les pi\u00e8ces d\u2019un appartement classique, un salon, une salle \u00e0 manger, une cuisine, une terrasse et m\u00eame une chambre d\u2019ami. Les r\u00e9sidents s\u2019en servent pour <strong>passer des moments ensemble<\/strong> et rompre <a href=\"https:\/\/actu.fr\/pays-de-la-loire\/clisson_44043\/isolement-des-personnes-agees-qui-double-en-8-ans-un-drame-social-qui-samplifie-aussi-en-loire-atlantique_63429778.html\" target=\"_blank\" rel=\"noopener\">l\u2019isolement des seniors<\/a>, un ph\u00e9nom\u00e8ne <strong>de plus en plus marqu\u00e9<\/strong> en France.<\/p>\n<blockquote class=\"tiktok-embed\" cite=\"https:\/\/www.tiktok.com\/@lorraine.actu\/video\/7582886145130810646\" data-video-id=\"7582886145130810646\" data-embed-from=\"oembed\" style=\"max-width:605px; min-width:325px;\"><p>\n<a target=\"_blank\" title=\"@lorraine.actu\" href=\"https:\/\/www.tiktok.com\/@lorraine.actu?refer=embed\" rel=\"noopener\">@lorraine.actu<\/a> <\/p>\n<p>La r\u00e9sidence des Pot\u2019\u00e2g\u00e9s \u00e0 Strasbourg est le lieu de vie de 10 s\u00e9niors solos qui font l\u2019exp\u00e9rience de la vie en communaut\u00e9. Depuis novembre\u00a02024, ils sont install\u00e9s dans ce b\u00e2timent neuf de la rue de Lun\u00e9ville (Neudorf), o\u00f9 en plus de leurs logements personnels, tout un \u00e9tage est d\u00e9di\u00e9 \u00e0 un espace commun. Des seniors vivent la vie en communaut\u00e9 Cet \u00e9tage commun comprend toutes les pi\u00e8ces d\u2019un appartement classique, un salon, une salle \u00e0 manger, une cuisine, une terrasse et m\u00eame une chambre d\u2019ami. Les r\u00e9sidents s\u2019en servent pour passer des moments ensemble et rompre l\u2019isolement des seniors, un ph\u00e9nom\u00e8ne de plus en plus marqu\u00e9 en France. \u00ab\u2009Nous avons une tr\u00e8s belle cuisine \u00e9quip\u00e9e dont on se sert pour faire des repas ensemble. Par exemple, nous allons faire des bredeles demain pour No\u00ebl et on pr\u00e9voit aussi un grand repas avec tous ceux qui sont \u00e0 la r\u00e9sidence le soir du r\u00e9veillon\u2009\u00bb, explique Marie-Line Allard, habitante de la r\u00e9sidence. La r\u00e9sidence r\u00e9compens\u00e9e par deux prix \u00ab\u2009Nous avons tous des studios d\u2019une trentaine de m\u00e8tres carr\u00e9s, raconte-t-elle. Quand j\u2019\u00e9touffe, je monte dans les espaces partag\u00e9s o\u00f9 nous pouvons \u00e9changer et cr\u00e9er du lien social\u2009\u00bb. \u00ab\u2009Comme nous venons tous d\u2019appartements plus grands, nous avions des meubles en trop que nous avons mutualis\u00e9 dans nos espaces communs. C\u2019est amusant car ils vont tr\u00e8s bien ensemble\u2009!\u2009\u00bb, souligne Liliane Guignard, doyenne de\u00a0la\u00a0r\u00e9sidence.<\/p>\n<p> <a target=\"_blank\" title=\"\u266c sonido original - Diony Creaciones \ud83d\udc95\" href=\"https:\/\/www.tiktok.com\/music\/sonido-original-7438617212084685624?refer=embed\" rel=\"noopener\">\u266c sonido original \u2013 Diony Creaciones \ud83d\udc95<\/a> <\/p>\n<\/blockquote>\n<p class=\" wall-content\">\u00ab\u2009Nous avons une tr\u00e8s belle cuisine \u00e9quip\u00e9e dont on se sert pour faire des repas ensemble. Par exemple, nous allons faire des bredeles demain pour No\u00ebl et on pr\u00e9voit aussi <strong>un grand repas <\/strong>avec tous ceux qui sont \u00e0 la r\u00e9sidence le soir du r\u00e9veillon\u2009\u00bb, explique Marie-Line Allard, habitante de la r\u00e9sidence.<\/p>\n<p>    <img   decoding=\"async\" loading=\"lazy\" src=\"https:\/\/www.europesays.com\/fr\/wp-content\/uploads\/2025\/12\/residence-les-potages-960x640.jpg\" alt=\"La r\u00e9sidence se situe rue de Lun\u00e9ville et donne sur l'all\u00e9e du Schluthfeld, ici sur la photo.\" width=\"960\" height=\"640\"\/><br \/>\n    La r\u00e9sidence se situe rue de Lun\u00e9ville et donne sur l\u2019all\u00e9e du Schluthfeld, ici sur la photo. (\u00a9Thomas Blanc \/ Actu Strasbourg)Mutualisation de l\u2019espace et des biens<\/p>\n<p class=\" wall-content\">\u00ab\u2009Nous avons tous des studios d\u2019<strong>une trentaine de m\u00e8tres carr\u00e9s<\/strong>, raconte-t-elle. Quand j\u2019\u00e9touffe, je monte dans les espaces partag\u00e9s o\u00f9 nous pouvons \u00e9changer et <strong>cr\u00e9er du lien social<\/strong>\u2009\u00bb.<\/p>\n<p class=\" wall-content\">\u00ab\u2009Comme nous venons tous d\u2019appartements plus grands, nous avions des meubles en trop que nous avons mutualis\u00e9 dans nos espaces communs. C\u2019est amusant car ils vont tr\u00e8s bien ensemble\u2009!\u2009\u00bb, souligne Liliane Guignard, doyenne de la r\u00e9sidence.<\/p>\n<p class=\" wall-content\">Personnalisez votre actualit\u00e9 en ajoutant vos villes et m\u00e9dias en favori avec <a href=\"https:\/\/moncompte.actu.fr\" title=\"D\u00e9couvez Mon Actu\" rel=\"nofollow noopener\" data-trk=\"{&quot;cta&quot;:{&quot;action&quot;:&quot;https:\\\/\\\/moncompte.actu.fr&quot;,&quot;category&quot;:&quot;mon compte&quot;,&quot;from&quot;:&quot;article footer&quot;,&quot;name&quot;:&quot;Mon actu&quot;,&quot;type&quot;:&quot;cta&quot;}}\" target=\"_blank\">Mon Actu<\/a>.<\/p>\n<p>                    <script async src=\"\/\/www.tiktok.com\/embed.js\"><\/script><\/p>\n","protected":false},"excerpt":{"rendered":"Par Thomas Blanc Publi\u00e9 le 13 d\u00e9c. 2025 \u00e0 18h02 La r\u00e9sidence des Pot\u2019\u00e2g\u00e9s \u00e0 Strasbourg est le&hellip;\n","protected":false},"author":2,"featured_media":597851,"comment_status":"","ping_status":"","sticky":false,"template":"","format":"standard","meta":{"footnotes":""},"categories":[2820],"tags":[1111,11,1777,674,1011,27,775,1908,12,25,3552,104,640],"class_list":{"0":"post-597850","1":"post","2":"type-post","3":"status-publish","4":"format-standard","5":"has-post-thumbnail","7":"category-strasbourg","8":"tag-actu","9":"tag-actualites","10":"tag-eu","11":"tag-europe","12":"tag-fr","13":"tag-france","14":"tag-grand-est","15":"tag-logement","16":"tag-news","17":"tag-republique-francaise","18":"tag-seniors","19":"tag-societe","20":"tag-strasbourg"},"share_on_mastodon":{"url":"https:\/\/pubeurope.com\/@fr\/115715597533411668","error":""},"_links":{"self":[{"href":"https:\/\/www.europesays.com\/fr\/wp-json\/wp\/v2\/posts\/597850","targetHints":{"allow":["GET"]}}],"collection":[{"href":"https:\/\/www.europesays.com\/fr\/wp-json\/wp\/v2\/posts"}],"about":[{"href":"https:\/\/www.europesays.com\/fr\/wp-json\/wp\/v2\/types\/post"}],"author":[{"embeddable":true,"href":"https:\/\/www.europesays.com\/fr\/wp-json\/wp\/v2\/users\/2"}],"replies":[{"embeddable":true,"href":"https:\/\/www.europesays.com\/fr\/wp-json\/wp\/v2\/comments?post=597850"}],"version-history":[{"count":0,"href":"https:\/\/www.europesays.com\/fr\/wp-json\/wp\/v2\/posts\/597850\/revisions"}],"wp:featuredmedia":[{"embeddable":true,"href":"https:\/\/www.europesays.com\/fr\/wp-json\/wp\/v2\/media\/597851"}],"wp:attachment":[{"href":"https:\/\/www.europesays.com\/fr\/wp-json\/wp\/v2\/media?parent=597850"}],"wp:term":[{"taxonomy":"category","embeddable":true,"href":"https:\/\/www.europesays.com\/fr\/wp-json\/wp\/v2\/categories?post=597850"},{"taxonomy":"post_tag","embeddable":true,"href":"https:\/\/www.europesays.com\/fr\/wp-json\/wp\/v2\/tags?post=597850"}],"curies":[{"name":"wp","href":"https:\/\/api.w.org\/{rel}","templated":true}]}}