{"id":597856,"date":"2025-12-14T02:40:42","date_gmt":"2025-12-14T02:40:42","guid":{"rendered":"https:\/\/www.europesays.com\/fr\/597856\/"},"modified":"2025-12-14T02:40:42","modified_gmt":"2025-12-14T02:40:42","slug":"saint-sebastien-sur-loire-une-collecte-au-college-iles-de-loire-pour-le-secours-populaire","status":"publish","type":"post","link":"https:\/\/www.europesays.com\/fr\/597856\/","title":{"rendered":"Saint-S\u00e9bastien-sur-Loire. Une collecte au coll\u00e8ge \u00celes-de-Loire pour le Secours populaire"},"content":{"rendered":"<p>Les \u00e9l\u00e8ves de 4e\u00a0A et B du coll\u00e8ge Iles-de-Loire, en collaboration avec le p\u00f4le Espoirs du foot, ont lanc\u00e9 une collecte de denr\u00e9es, produits d\u2019hygi\u00e8ne et jouets, du 17 au 24\u00a0novembre, au profit du Secours populaire.<\/p>\n<p>Ils ont interpell\u00e9 leurs familles et amis, gr\u00e2ce \u00e0 des affiches et flyers qu\u2019ils ont fabriqu\u00e9s eux-m\u00eames, avec l\u2019aide de leur professeur d\u2019arts plastiques.<\/p>\n<p>Vendredi, la coordinatrice sociop\u00e9dagogique du p\u00f4le Espoirs, Lucie Grenais, est all\u00e9e porter le butin au comit\u00e9 s\u00e9bastiennais du Secours populaire, qui a accueilli ces dons avec reconnaissance.<\/p>\n<p>\u00a0<\/p>\n","protected":false},"excerpt":{"rendered":"Les \u00e9l\u00e8ves de 4e\u00a0A et B du coll\u00e8ge Iles-de-Loire, en collaboration avec le p\u00f4le Espoirs du foot, ont&hellip;\n","protected":false},"author":2,"featured_media":597857,"comment_status":"","ping_status":"","sticky":false,"template":"","format":"standard","meta":{"footnotes":""},"categories":[2818],"tags":[1111,11,10957,1124,1777,674,1011,27,71056,766,12,2636,11666,25,3524,7342],"class_list":{"0":"post-597856","1":"post","2":"type-post","3":"status-publish","4":"format-standard","5":"has-post-thumbnail","7":"category-nantes","8":"tag-actu","9":"tag-actualites","10":"tag-collecte","11":"tag-college","12":"tag-eu","13":"tag-europe","14":"tag-fr","15":"tag-france","16":"tag-iles-de-loire","17":"tag-nantes","18":"tag-news","19":"tag-pays-de-la-loire","20":"tag-populaire","21":"tag-republique-francaise","22":"tag-saint-sebastien-sur-loire","23":"tag-secours"},"share_on_mastodon":{"url":"https:\/\/pubeurope.com\/@fr\/115715612545642820","error":""},"_links":{"self":[{"href":"https:\/\/www.europesays.com\/fr\/wp-json\/wp\/v2\/posts\/597856","targetHints":{"allow":["GET"]}}],"collection":[{"href":"https:\/\/www.europesays.com\/fr\/wp-json\/wp\/v2\/posts"}],"about":[{"href":"https:\/\/www.europesays.com\/fr\/wp-json\/wp\/v2\/types\/post"}],"author":[{"embeddable":true,"href":"https:\/\/www.europesays.com\/fr\/wp-json\/wp\/v2\/users\/2"}],"replies":[{"embeddable":true,"href":"https:\/\/www.europesays.com\/fr\/wp-json\/wp\/v2\/comments?post=597856"}],"version-history":[{"count":0,"href":"https:\/\/www.europesays.com\/fr\/wp-json\/wp\/v2\/posts\/597856\/revisions"}],"wp:featuredmedia":[{"embeddable":true,"href":"https:\/\/www.europesays.com\/fr\/wp-json\/wp\/v2\/media\/597857"}],"wp:attachment":[{"href":"https:\/\/www.europesays.com\/fr\/wp-json\/wp\/v2\/media?parent=597856"}],"wp:term":[{"taxonomy":"category","embeddable":true,"href":"https:\/\/www.europesays.com\/fr\/wp-json\/wp\/v2\/categories?post=597856"},{"taxonomy":"post_tag","embeddable":true,"href":"https:\/\/www.europesays.com\/fr\/wp-json\/wp\/v2\/tags?post=597856"}],"curies":[{"name":"wp","href":"https:\/\/api.w.org\/{rel}","templated":true}]}}