{"id":597869,"date":"2025-12-14T02:50:16","date_gmt":"2025-12-14T02:50:16","guid":{"rendered":"https:\/\/www.europesays.com\/fr\/597869\/"},"modified":"2025-12-14T02:50:16","modified_gmt":"2025-12-14T02:50:16","slug":"le-collectif-des-chutes-lavie-a-marseille-tente-de-rallier-les-habitants-a-leur-combat","status":"publish","type":"post","link":"https:\/\/www.europesays.com\/fr\/597869\/","title":{"rendered":"le collectif des Chutes-Lavie \u00e0 Marseille tente de rallier les habitants \u00e0 leur combat"},"content":{"rendered":"<p>Pancartes en main, guid\u00e9s par la porte-parole du collectif, Nathalie Prost, une quarantaine de manifestants s\u2019\u00e9lancent, ce samedi 13\u00a0d\u00e9cembre au matin, vers le Super U en contrebas. Objectif\u00a0: alerter commer\u00e7ants et habitants <a href=\"https:\/\/www.laprovence.com\/article\/papier\/4252142\/les-chutes-lavie-a-la-5e-place-mondiale-des-quartiers-tendance.html\" target=\"_blank\" rel=\"noopener\">de l\u2019avenue des Chutes-Lavie<\/a>, sur la probl\u00e9matique des riverains du \u00ab\u00a0bas\u00a0\u00bb du quartier. Depuis plusieurs mois, le collectif proteste contre <a href=\"https:\/\/www.laprovence.com\/article\/region\/1929849943263314\/marseille-aux-chutes-lavie-le-portail-de-la-discorde-fait-fermer-lecole\" target=\"_blank\" rel=\"noopener\">la fermeture de l\u2019acc\u00e8s pi\u00e9ton<\/a> \u00e0 la cit\u00e9-jardin des Chutes-Lavie, rue P\u00e9pini\u00e8re, leur raccourci pour rejoindre le noyau villageois.<\/p>\n<p>Mathieu et Apolline, 34 et 32\u00a0ans, sont venus avec leur petit gar\u00e7on en poussette et leur chien. \u00ab\u00a0On doit faire le d\u00e9tour par le boulevard Guigou pour rejoindre les commerces des Chutes-Lavie. Les trottoirs sont tr\u00e8s \u00e9troits et les voitures roulent tr\u00e8s vite\u00a0\u00bb, s\u2019inqui\u00e8te ce jeune papa, install\u00e9 il y a quatre ans. \u00c0 l\u2019\u00e9poque, le portail avait <a href=\"https:\/\/www.laprovence.com\/article\/politique\/10925642343369\/marseille-confidentiels-aux-chutes-lavie-hmp-laisse-les-proprietaires-barricader-la-cite-jardin\" target=\"_blank\" rel=\"noopener\">d\u00e9j\u00e0 \u00e9t\u00e9 totalement ferm\u00e9<\/a> par le bailleur Provence M\u00e9tropole Logement (PML, ex-HMP), pour des raisons de s\u00e9curit\u00e9.<\/p>\n<p>D\u2019o\u00f9 l\u2019\u00e9tonnement de Solange Biaggi (LR), pr\u00e9sidente de Provence M\u00e9tropole Logement. \u00c0 trois mois des \u00e9lections municipales, elle d\u00e9nonce \u00ab\u00a0un coup politique. Les r\u00e9sidents ont vot\u00e9 \u00e0 nouveau et ils veulent que \u00e7a reste ferm\u00e9\u00a0\u00bb. \u00ab\u00a0Nous sommes apolitiques, assure Nathalie Prost. Nous avons invit\u00e9 les \u00e9lus de tous bords aujourd\u2019hui, dont Bruno Gilles, qui n\u2019est pas venu.\u00a0\u00bb Contact\u00e9, l\u2019ancien maire de secteur (Horizons), lui-m\u00eame enfant <a href=\"https:\/\/www.laprovence.com\/article\/region\/27059942368053\/video-un-nouveau-souffle-pour-le-tore-aux-chutes-lavie-lune-des-pepites-patrimoniales-marseillaises\" target=\"_blank\" rel=\"noopener\">des Chutes-Lavie<\/a>, n\u2019a pas souhait\u00e9 commenter. Dans leur combat, les habitants ont re\u00e7u le soutien du maire (PM) de secteur Didier Jau, pr\u00e9sent ce samedi\u00a0: \u00ab\u00a0Ce mur est une entrave \u00e0 des structures publiques comme la cr\u00e8che, le jardin, le centre municipal d\u2019animation\u2026 Nous militons pour une meilleure marchabilit\u00e9 de la ville.\u00a0\u00bb<\/p>\n<p>Fin novembre, le maire Beno\u00eet Payan (DVG) s\u2019en est m\u00eal\u00e9 en r\u00e9clamant dans un courrier \u00e0 Solange Biaggi de rouvrir le portillon de la rue P\u00e9pini\u00e8re. \u00ab\u00a0Je vais lui r\u00e9pondre, assure la pr\u00e9sidente de PML. Mais bon, on sait bien que ce probl\u00e8me ne concerne que quatre ou cinq personnes qui veulent gagner du temps en passant par l\u00e0.\u00a0\u00bb<\/p>\n","protected":false},"excerpt":{"rendered":"Pancartes en main, guid\u00e9s par la porte-parole du collectif, Nathalie Prost, une quarantaine de manifestants s\u2019\u00e9lancent, ce samedi&hellip;\n","protected":false},"author":2,"featured_media":597870,"comment_status":"","ping_status":"","sticky":false,"template":"","format":"standard","meta":{"footnotes":""},"categories":[2814],"tags":[17,1111,11,36196,7819,154,1777,674,9095,1011,27,884,12,316,36197,882,25,18800],"class_list":{"0":"post-597869","1":"post","2":"type-post","3":"status-publish","4":"format-standard","5":"has-post-thumbnail","7":"category-marseille","8":"tag-17","9":"tag-actu","10":"tag-actualites","11":"tag-chutes-lavie","12":"tag-collectif","13":"tag-des","14":"tag-eu","15":"tag-europe","16":"tag-ferme","17":"tag-fr","18":"tag-france","19":"tag-marseille","20":"tag-news","21":"tag-politique","22":"tag-portail","23":"tag-provence-alpes-cote-dazur","24":"tag-republique-francaise","25":"tag-tente"},"share_on_mastodon":{"url":"https:\/\/pubeurope.com\/@fr\/115715651882630815","error":""},"_links":{"self":[{"href":"https:\/\/www.europesays.com\/fr\/wp-json\/wp\/v2\/posts\/597869","targetHints":{"allow":["GET"]}}],"collection":[{"href":"https:\/\/www.europesays.com\/fr\/wp-json\/wp\/v2\/posts"}],"about":[{"href":"https:\/\/www.europesays.com\/fr\/wp-json\/wp\/v2\/types\/post"}],"author":[{"embeddable":true,"href":"https:\/\/www.europesays.com\/fr\/wp-json\/wp\/v2\/users\/2"}],"replies":[{"embeddable":true,"href":"https:\/\/www.europesays.com\/fr\/wp-json\/wp\/v2\/comments?post=597869"}],"version-history":[{"count":0,"href":"https:\/\/www.europesays.com\/fr\/wp-json\/wp\/v2\/posts\/597869\/revisions"}],"wp:featuredmedia":[{"embeddable":true,"href":"https:\/\/www.europesays.com\/fr\/wp-json\/wp\/v2\/media\/597870"}],"wp:attachment":[{"href":"https:\/\/www.europesays.com\/fr\/wp-json\/wp\/v2\/media?parent=597869"}],"wp:term":[{"taxonomy":"category","embeddable":true,"href":"https:\/\/www.europesays.com\/fr\/wp-json\/wp\/v2\/categories?post=597869"},{"taxonomy":"post_tag","embeddable":true,"href":"https:\/\/www.europesays.com\/fr\/wp-json\/wp\/v2\/tags?post=597869"}],"curies":[{"name":"wp","href":"https:\/\/api.w.org\/{rel}","templated":true}]}}