{"id":597873,"date":"2025-12-14T02:52:24","date_gmt":"2025-12-14T02:52:24","guid":{"rendered":"https:\/\/www.europesays.com\/fr\/597873\/"},"modified":"2025-12-14T02:52:24","modified_gmt":"2025-12-14T02:52:24","slug":"a-la-confluence-les-nouveaux-espaces-publics-de-sainte-blandine-devoiles","status":"publish","type":"post","link":"https:\/\/www.europesays.com\/fr\/597873\/","title":{"rendered":"\u00e0 la Confluence, les nouveaux espaces publics de Sainte-Blandine d\u00e9voil\u00e9s"},"content":{"rendered":"<p itemprop=\"description\"><strong>La M\u00e9tropole de Lyon, la Ville de Lyon et la SPL Lyon Confluence ont inaugur\u00e9 ce jeudi les espaces publics requalifi\u00e9s de Sainte-Blandine, dans le secteur du cours Bayard et de la rue Smith.<\/strong><\/p>\n<p>Le chantier, men\u00e9 entre fin juin et d\u00e9but d\u00e9cembre, a permis de transformer 8000 m2 dans un quartier jusqu\u2019ici tr\u00e8s min\u00e9ralis\u00e9.<\/p>\n<p>Les \u00e9cologistes mettent en avant la cr\u00e9ation de 1500 m2 d\u2019espaces verts, comprenant 53 arbres suppl\u00e9mentaires, 387 arbustes et plus de 4000 plantes vivaces. Trois strates de v\u00e9g\u00e9tation ont \u00e9t\u00e9 d\u00e9ploy\u00e9es pour renforcer la pr\u00e9sence du v\u00e9g\u00e9tal, avec des essences locales ou adapt\u00e9es au climat comme des ch\u00eanes, \u00e9rables, fr\u00eanes ou cornouillers.<\/p>\n<p>Le projet int\u00e8gre aussi une innovation en mati\u00e8re de gestion de l\u2019eau : une partie des toitures de l\u2019\u00e9cole Alix a \u00e9t\u00e9 d\u00e9connect\u00e9e du r\u00e9seau unitaire, permettant aux eaux pluviales d\u2019irriguer directement les espaces verts, compl\u00e9t\u00e9es par la collecte d\u2019eaux tombant sur la voirie via des pav\u00e9s pos\u00e9s \u00ab\u00a0t\u00eate-de-chat\u00a0\u00bb.<\/p>\n<p>La requalification vise \u00e9galement un apaisement des circulations et une meilleure s\u00e9curit\u00e9. La rue Smith devient une zone de rencontre limit\u00e9e \u00e0 20 km\/h, avec une chicane, un \u00e9clairage renforc\u00e9 et des cand\u00e9labres d\u00e9cor\u00e9s par des dessins d\u2019enfants. Les anciennes places de stationnement devant l\u2019\u00e9cole, condamn\u00e9es depuis le plan Vigipirate, ont laiss\u00e9 place \u00e0 382 m2 d\u2019espaces ludiques et v\u00e9g\u00e9talis\u00e9s destin\u00e9s aux enfants.<\/p>\n<p><img loading=\"lazy\" decoding=\"async\" style=\"display: block; margin-left: auto; margin-right: auto;\" src=\"https:\/\/www.europesays.com\/fr\/wp-content\/uploads\/2025\/12\/lc-046398-md-30880.jpg\" alt=\"\" width=\"600\" height=\"400\"\/><\/p>\n<p>Sur le cours Bayard, plusieurs \u00ab\u00a0salons urbains\u00a0\u00bb ont \u00e9t\u00e9 am\u00e9nag\u00e9s pour offrir des zones de repos ombrag\u00e9es, tandis que des terrasses ont \u00e9t\u00e9 repens\u00e9es en pav\u00e9s. Le projet valorise aussi le patrimoine architectural environnant : briques rouges en r\u00e9f\u00e9rence \u00e0 l\u2019\u00e9cole Alix, motifs art d\u00e9co au sol rappelant la Cit\u00e9 Mignot, la Cit\u00e9 Perrache ou les anciens bains-douches.<\/p>\n<p>Le budget total s\u2019\u00e9l\u00e8ve \u00e0 670 000 euros, financ\u00e9s dans le cadre de la ZAC Confluence 2\u1d49 phase, dont une partie par des fonds europ\u00e9ens.\u00a0<\/p>\n","protected":false},"excerpt":{"rendered":"La M\u00e9tropole de Lyon, la Ville de Lyon et la SPL Lyon Confluence ont inaugur\u00e9 ce jeudi les&hellip;\n","protected":false},"author":2,"featured_media":597874,"comment_status":"","ping_status":"","sticky":false,"template":"","format":"standard","meta":{"footnotes":""},"categories":[1889],"tags":[1111,11,2813,2190,2430,1109,251,1112,2811,1777,674,118,1011,27,1922,1110,1114,2428,2810,12,241,316,25,2812,517,800],"class_list":{"0":"post-597873","1":"post","2":"type-post","3":"status-publish","4":"format-standard","5":"has-post-thumbnail","7":"category-lyon","8":"tag-actu","9":"tag-actualites","10":"tag-article","11":"tag-asvel","12":"tag-auvergne-rhone-alpes","13":"tag-breves","14":"tag-culture","15":"tag-depeches","16":"tag-economique","17":"tag-eu","18":"tag-europe","19":"tag-faits-divers","20":"tag-fr","21":"tag-france","22":"tag-info","23":"tag-informations","24":"tag-infos","25":"tag-lyon","26":"tag-lyonmag","27":"tag-news","28":"tag-ol","29":"tag-politique","30":"tag-republique-francaise","31":"tag-sociale","32":"tag-sport","33":"tag-transports"},"share_on_mastodon":{"url":"https:\/\/pubeurope.com\/@fr\/115715660514749363","error":""},"_links":{"self":[{"href":"https:\/\/www.europesays.com\/fr\/wp-json\/wp\/v2\/posts\/597873","targetHints":{"allow":["GET"]}}],"collection":[{"href":"https:\/\/www.europesays.com\/fr\/wp-json\/wp\/v2\/posts"}],"about":[{"href":"https:\/\/www.europesays.com\/fr\/wp-json\/wp\/v2\/types\/post"}],"author":[{"embeddable":true,"href":"https:\/\/www.europesays.com\/fr\/wp-json\/wp\/v2\/users\/2"}],"replies":[{"embeddable":true,"href":"https:\/\/www.europesays.com\/fr\/wp-json\/wp\/v2\/comments?post=597873"}],"version-history":[{"count":0,"href":"https:\/\/www.europesays.com\/fr\/wp-json\/wp\/v2\/posts\/597873\/revisions"}],"wp:featuredmedia":[{"embeddable":true,"href":"https:\/\/www.europesays.com\/fr\/wp-json\/wp\/v2\/media\/597874"}],"wp:attachment":[{"href":"https:\/\/www.europesays.com\/fr\/wp-json\/wp\/v2\/media?parent=597873"}],"wp:term":[{"taxonomy":"category","embeddable":true,"href":"https:\/\/www.europesays.com\/fr\/wp-json\/wp\/v2\/categories?post=597873"},{"taxonomy":"post_tag","embeddable":true,"href":"https:\/\/www.europesays.com\/fr\/wp-json\/wp\/v2\/tags?post=597873"}],"curies":[{"name":"wp","href":"https:\/\/api.w.org\/{rel}","templated":true}]}}