{"id":597875,"date":"2025-12-14T02:53:30","date_gmt":"2025-12-14T02:53:30","guid":{"rendered":"https:\/\/www.europesays.com\/fr\/597875\/"},"modified":"2025-12-14T02:53:30","modified_gmt":"2025-12-14T02:53:30","slug":"pfl-lyon-jousset-vs-habirora","status":"publish","type":"post","link":"https:\/\/www.europesays.com\/fr\/597875\/","title":{"rendered":"PFL Lyon : Jousset vs. Habirora"},"content":{"rendered":"<p>\t\t\t\t&#13;<br \/>\n\t\t\t\t\t<img loading=\"lazy\" width=\"527\" height=\"296\" src=\"https:\/\/www.europesays.com\/fr\/wp-content\/uploads\/2025\/12\/PFL-Lyon-Jousset-Habirora-527x296.jpg\" class=\"attachment-csco-thumbnail-uncropped size-csco-thumbnail-uncropped wp-post-image\" alt=\"PFL-Lyon-Jousset-Habirora\" decoding=\"async\"  \/>\t\t\t\t\t<img loading=\"lazy\" width=\"1044\" height=\"587\" src=\"https:\/\/www.europesays.com\/fr\/wp-content\/uploads\/2025\/12\/PFL-Lyon-Jousset-Habirora-1044x587.jpg\" class=\"attachment-csco-large-uncropped size-csco-large-uncropped wp-post-image\" alt=\"PFL-Lyon-Jousset-Habirora\" decoding=\"async\"  \/>\t\t\t\t<\/p>\n<p>&#13;<br \/>\n\t\t\t\t\t\tPFL-Lyon-Jousset-Habirora\t\t\t\t\t<\/p>\n<p>\t\t\t\tEn bref<\/p>\n<ul>\n<li>Une carte remplie de talents<\/li>\n<li>Un main event attendu<\/li>\n<li>Voici les r\u00e9sultats du PFL Lyon<\/li>\n<\/ul>\n<p>MMA \u2013 Voici les r\u00e9sultats de la soir\u00e9e du PFL \u00e0 Lyon : K\u00e9vin Jousset contre Patrick Habirora.<\/p>\n<p>Le <a href=\"https:\/\/x.com\/PFLMMA\/status\/1998145203161489649?s=20\" target=\"_blank\" rel=\"noreferrer noopener\">PFL<\/a> pose ses valises \u00e0 Lyon pour un \u00e9v\u00e9nement exceptionnel. En effet, plusieurs ceintures vont \u00eatre remises en jeu. Main event : <strong>Renan Ferreira<\/strong> revient pour le titre poids lourds face \u00e0 <strong>Vadim Nemkov<\/strong>. En co main event, la l\u00e9gende <strong>Cris Cyborg<\/strong> va se mesurer \u00e0 la talentueuse <strong>Sara Collins<\/strong>. C\u00f4t\u00e9 francophone, la carte est tr\u00e8s bien remplie. La France et la Belgique sont largement repr\u00e9sent\u00e9es. Sur la carte principale, l\u2019ancien de l\u2019UFC <strong>Kevin Jousset<\/strong> va se mesurer \u00e0 l\u2019inarr\u00eatable <a href=\"https:\/\/lasueur.com\/pfl-lyon-patrick-habirora-kevin-jousset-officialise-28-10-2025\" target=\"_blank\" rel=\"noreferrer noopener\"><strong>Patrick Habirora<\/strong><\/a>. Lors du face-off, les deux hommes se sont provoqu\u00e9s et semblent plus d\u00e9termin\u00e9s que jamais. <strong>Taylor Lapilus<\/strong> sera \u00e9galement de la partie puisqu\u2019il va affronter l\u2019Anglais <strong>Liam Gittins<\/strong>.<\/p>\n<p>Les r\u00e9sultats de la carte : <\/p>\n<p>Vadim Nemkov bat Renan Ferreira via soumission au premier round<br \/>Cris Cyborg bat Sara Collins via soumission au troisi\u00e8me round<br \/>Patrick Habirora bat Kevin Jousset via KO au premier round<br \/>Taylor Lapilus bat Liam Gittins via d\u00e9cision unanime<br \/>Baris Adiguzel bat Dean Garnett via TKO au premier round<br \/>Boris Mbarga bat Guilherme Soares via soumission au second round<br \/>Alex Chizov bat Connor Hughes via KO au troisi\u00e8me round<br \/>Gustavo Oliveira bat Movsar Ibragimov via KO au second round<br \/>Sabrinna de Sousa bat Paulina Wisniewskavia via d\u00e9cision partag\u00e9e<br \/>Rayan Balbali bat Levi Batchelor via d\u00e9cision partag\u00e9e\t\t<\/p>\n<p>\t\t\t\t\t\t<a href=\"https:\/\/www.winamax.fr\/registration\/landing\/la-sueur?banid=73716\" target=\"_blank\" rel=\"nofollow noopener\" class=\"customize-unpreviewable\"><\/p>\n<p>\t<img decoding=\"async\" alt=\"Winamax\" src=\"https:\/\/www.europesays.com\/fr\/wp-content\/uploads\/2025\/12\/Winamax_MMA_Generique_1160x180-5.jpg\" \/><br \/>\n<\/a><\/p>\n","protected":false},"excerpt":{"rendered":"&#13; &#13; PFL-Lyon-Jousset-Habirora En bref Une carte remplie de talents Un main event attendu Voici les r\u00e9sultats du&hellip;\n","protected":false},"author":2,"featured_media":597876,"comment_status":"","ping_status":"","sticky":false,"template":"","format":"standard","meta":{"footnotes":""},"categories":[1889],"tags":[1111,11,2430,1777,674,1011,27,70980,2428,12,70981,70982,25],"class_list":{"0":"post-597875","1":"post","2":"type-post","3":"status-publish","4":"format-standard","5":"has-post-thumbnail","7":"category-lyon","8":"tag-actu","9":"tag-actualites","10":"tag-auvergne-rhone-alpes","11":"tag-eu","12":"tag-europe","13":"tag-fr","14":"tag-france","15":"tag-kevin-jousset","16":"tag-lyon","17":"tag-news","18":"tag-patrick-habirora","19":"tag-pfl-lyon","20":"tag-republique-francaise"},"share_on_mastodon":{"url":"https:\/\/pubeurope.com\/@fr\/115715665276326758","error":""},"_links":{"self":[{"href":"https:\/\/www.europesays.com\/fr\/wp-json\/wp\/v2\/posts\/597875","targetHints":{"allow":["GET"]}}],"collection":[{"href":"https:\/\/www.europesays.com\/fr\/wp-json\/wp\/v2\/posts"}],"about":[{"href":"https:\/\/www.europesays.com\/fr\/wp-json\/wp\/v2\/types\/post"}],"author":[{"embeddable":true,"href":"https:\/\/www.europesays.com\/fr\/wp-json\/wp\/v2\/users\/2"}],"replies":[{"embeddable":true,"href":"https:\/\/www.europesays.com\/fr\/wp-json\/wp\/v2\/comments?post=597875"}],"version-history":[{"count":0,"href":"https:\/\/www.europesays.com\/fr\/wp-json\/wp\/v2\/posts\/597875\/revisions"}],"wp:featuredmedia":[{"embeddable":true,"href":"https:\/\/www.europesays.com\/fr\/wp-json\/wp\/v2\/media\/597876"}],"wp:attachment":[{"href":"https:\/\/www.europesays.com\/fr\/wp-json\/wp\/v2\/media?parent=597875"}],"wp:term":[{"taxonomy":"category","embeddable":true,"href":"https:\/\/www.europesays.com\/fr\/wp-json\/wp\/v2\/categories?post=597875"},{"taxonomy":"post_tag","embeddable":true,"href":"https:\/\/www.europesays.com\/fr\/wp-json\/wp\/v2\/tags?post=597875"}],"curies":[{"name":"wp","href":"https:\/\/api.w.org\/{rel}","templated":true}]}}