{"id":59788,"date":"2025-04-28T17:30:09","date_gmt":"2025-04-28T17:30:09","guid":{"rendered":"https:\/\/www.europesays.com\/fr\/59788\/"},"modified":"2025-04-28T17:30:09","modified_gmt":"2025-04-28T17:30:09","slug":"voici-a-quoi-va-ressembler-le-cinema-star-saint-exupery","status":"publish","type":"post","link":"https:\/\/www.europesays.com\/fr\/59788\/","title":{"rendered":"voici \u00e0 quoi va ressembler le cin\u00e9ma Star Saint-Exup\u00e9ry"},"content":{"rendered":"<p>Les affiches placard\u00e9es sur ses murs font partie du d\u00e9corum de la rue du 22-Novembre, \u00e0 Strasbourg, depuis des lustres. Abritant le dernier cin\u00e9ma de cette art\u00e8re de la grande perc\u00e9e &#8211; apr\u00e8s avoir accueilli successivement la Taverne Royale, mais aussi le cin\u00e9ma Omnia (1976-1984) -, le b\u00e2timent du Star Saint-Exup\u00e9ry, \u00e9difi\u00e9 en 1912, est un des vestiges du <a href=\"https:\/\/www.dna.fr\/dossiers\/projet-de-cinemas-a-strasbourg-et-schiltigheim\" target=\"_blank\" rel=\"nofollow noopener\">combat au centre-ville du septi\u00e8me art contre les multiplexes<\/a> , qui ont essaim\u00e9 en p\u00e9riph\u00e9rie de Strasbourg comme ailleurs en France.<\/p>\n<p>Un public d\u2019amoureux du cin\u00e9ma<\/p>\n<p>Avec son public de connaisseurs, son r\u00e9seau d\u2019adeptes des films d\u2019auteur, le Star Saint-Ex \u2013 comme le nomment ses intimes \u2013 est estampill\u00e9 Art et essai, \u00ab\u00a0mais pas seulement\u00a0\u00bb, pr\u00e9cise son directeur St\u00e9phane Libs, qui dirige aussi son double &#8211; le Star de la rue du Jeu-des-Enfants. Le b\u00e2timent va subir une cure de&#8230;<\/p>\n","protected":false},"excerpt":{"rendered":"Les affiches placard\u00e9es sur ses murs font partie du d\u00e9corum de la rue du 22-Novembre, \u00e0 Strasbourg, depuis&hellip;\n","protected":false},"author":2,"featured_media":59789,"comment_status":"","ping_status":"","sticky":false,"template":"","format":"standard","meta":{"footnotes":""},"categories":[2820],"tags":[1111,11,650,4406,1984,1687,33,2880,1777,674,107,1011,27,775,12,316,25,640,2879],"class_list":{"0":"post-59788","1":"post","2":"type-post","3":"status-publish","4":"format-standard","5":"has-post-thumbnail","7":"category-strasbourg","8":"tag-actu","9":"tag-actualites","10":"tag-cinema","11":"tag-commerce-et-services","12":"tag-conseil-municipal","13":"tag-culture-loisirs","14":"tag-economie","15":"tag-edition-strasbourg","16":"tag-eu","17":"tag-europe","18":"tag-fil-info","19":"tag-fr","20":"tag-france","21":"tag-grand-est","22":"tag-news","23":"tag-politique","24":"tag-republique-francaise","25":"tag-strasbourg","26":"tag-strasbourg-ville"},"share_on_mastodon":{"url":"https:\/\/pubeurope.com\/@fr\/114416780893957136","error":""},"_links":{"self":[{"href":"https:\/\/www.europesays.com\/fr\/wp-json\/wp\/v2\/posts\/59788","targetHints":{"allow":["GET"]}}],"collection":[{"href":"https:\/\/www.europesays.com\/fr\/wp-json\/wp\/v2\/posts"}],"about":[{"href":"https:\/\/www.europesays.com\/fr\/wp-json\/wp\/v2\/types\/post"}],"author":[{"embeddable":true,"href":"https:\/\/www.europesays.com\/fr\/wp-json\/wp\/v2\/users\/2"}],"replies":[{"embeddable":true,"href":"https:\/\/www.europesays.com\/fr\/wp-json\/wp\/v2\/comments?post=59788"}],"version-history":[{"count":0,"href":"https:\/\/www.europesays.com\/fr\/wp-json\/wp\/v2\/posts\/59788\/revisions"}],"wp:featuredmedia":[{"embeddable":true,"href":"https:\/\/www.europesays.com\/fr\/wp-json\/wp\/v2\/media\/59789"}],"wp:attachment":[{"href":"https:\/\/www.europesays.com\/fr\/wp-json\/wp\/v2\/media?parent=59788"}],"wp:term":[{"taxonomy":"category","embeddable":true,"href":"https:\/\/www.europesays.com\/fr\/wp-json\/wp\/v2\/categories?post=59788"},{"taxonomy":"post_tag","embeddable":true,"href":"https:\/\/www.europesays.com\/fr\/wp-json\/wp\/v2\/tags?post=59788"}],"curies":[{"name":"wp","href":"https:\/\/api.w.org\/{rel}","templated":true}]}}