{"id":597883,"date":"2025-12-14T02:59:16","date_gmt":"2025-12-14T02:59:16","guid":{"rendered":"https:\/\/www.europesays.com\/fr\/597883\/"},"modified":"2025-12-14T02:59:16","modified_gmt":"2025-12-14T02:59:16","slug":"paris-un-clandestin-sous-oqtf-interpelle-pour-avoir-allume-un-fumigene-sur-la-tombe-du-soldat-inconnu","status":"publish","type":"post","link":"https:\/\/www.europesays.com\/fr\/597883\/","title":{"rendered":"Paris : un clandestin sous OQTF interpell\u00e9 pour avoir allum\u00e9 un fumig\u00e8ne sur la tombe du Soldat inconnu"},"content":{"rendered":"<p class=\"p1\"><a href=\"https:\/\/www.valeursactuelles.com\/tag\/soldat-inconnu\" target=\"_blank\" rel=\"noopener\">La tombe du Soldat inconnu \u00e0 Paris sous l\u2019Arc de Triomphe<\/a> de nouveau prise pour cible. D\u2019apr\u00e8s <a href=\"https:\/\/www.lejdd.fr\/Societe\/info-jdd-paris-un-individu-sous-oqtf-allume-un-fumigene-sur-la-tombe-du-soldat-inconnu-164962\" target=\"_blank\" rel=\"nofollow noopener\">Le JDD<\/a>, un clandestin sous <a href=\"https:\/\/www.valeursactuelles.com\/tag\/oqtf\" target=\"_blank\" rel=\"noopener\">OQTF<\/a> a \u00e9t\u00e9 interpell\u00e9 vendredi 12 d\u00e9cembre, vers 23h, apr\u00e8s avoir allum\u00e9 un fumig\u00e8ne pr\u00e8s de la tombe.<\/p>\n<p><a href=\"https:\/\/www.valeursactuelles.com\/clubvaleurs\/faits-divers\/info-va-paris-deux-pompiers-hors-service-passes-a-tabac-trois-algeriens-sous-oqtf-condamnes-en-comparution-immediate\" class=\"h-flex h-align-items-center h-border-tb h-ptb-15\" target=\"_blank\" rel=\"noopener\">A\u00a0LIRE\u00a0[Info VA] Paris: deux pompiers hors service pass\u00e9s \u00e0 tabac, trois Alg\u00e9riens sous OQTF condamn\u00e9s en comparution imm\u00e9diate<\/a><\/p>\n<p class=\"p1\">Selon les informations du journal, le clandestin a rapidement \u00e9t\u00e9 contr\u00f4l\u00e9 par les effectifs de police d\u00e9j\u00e0 pr\u00e9sents sur place. Ces derniers ont constat\u00e9, apr\u00e8s consultation des fichiers, que l\u2019int\u00e9ress\u00e9 faisait l\u2019objet de plusieurs fiches de recherche, notamment d\u2019une obligation de quitter le territoire sans d\u00e9lai.<\/p>\n<p>Plusieurs d\u00e9gradations de la tombe<\/p>\n<p class=\"p1\">Cette nouvelle d\u00e9gradation s\u2019inscrit dans une s\u00e9rie inqui\u00e9tante d\u2019incidents ces derniers mois. Il y a quelques semaines \u00e0 peine, un ressortissant soudanais de 23 ans, pr\u00e9nomm\u00e9 Ibrahim Wassil, avait \u00e9t\u00e9 interpell\u00e9 \u00e0 plusieurs reprises pour des atteintes \u00e0 la s\u00e9pulture du Soldat inconnu.\u00a0Au moment de son interpellation, il \u00e9tait sans document officiel et tenait des propos incoh\u00e9rents. Il a \u00e9galement dit \u00eatre le\u00a0\u00ab\u00a0pr\u00e9sident de la R\u00e9publique\u00a0\u00bb.<\/p>\n<p><a href=\"https:\/\/www.valeursactuelles.com\/faits-divers\/paris-le-soudanais-profanateur-de-la-tombe-du-soldat-inconnu-rodait-deja-autour-de-lelysee-depuis-un-mois\" class=\"h-flex h-align-items-center h-border-tb h-ptb-15\" target=\"_blank\" rel=\"noopener\">A\u00a0LIRE\u00a0Paris : le Soudanais profanateur de la tombe du Soldat inconnu r\u00f4dait d\u00e9j\u00e0 autour de l\u2019\u00c9lys\u00e9e depuis un mois<\/a><\/p>\n<p class=\"p1\">En ao\u00fbt dernier, un homme avait \u00e9t\u00e9 plac\u00e9 en garde \u00e0 vue\u00a0<a href=\"https:\/\/www.valeursactuelles.com\/societe\/la-flamme-du-soldat-inconnu-profanee-symptome-du-mal-etre-francais\" target=\"_blank\" rel=\"noopener\">apr\u00e8s avoir allum\u00e9 sa cigarette avec la flamme du Soldat inconnu<\/a>. Il s\u2019agissait d\u2019un homme de nationalit\u00e9 marocaine en situation r\u00e9guli\u00e8re sur le territoire fran\u00e7ais. Il avait \u00e9t\u00e9 condamn\u00e9 \u00e0 trois mois de prison avec sursis, et son titre de s\u00e9jour avait \u00e9t\u00e9 raccourci apr\u00e8s le d\u00e9p\u00f4t de plainte de la ministre d\u00e9l\u00e9gu\u00e9e \u00e0 la M\u00e9moire et aux Anciens Combattants.<\/p>\n","protected":false},"excerpt":{"rendered":"La tombe du Soldat inconnu \u00e0 Paris sous l\u2019Arc de Triomphe de nouveau prise pour cible. D\u2019apr\u00e8s Le&hellip;\n","protected":false},"author":2,"featured_media":597884,"comment_status":"","ping_status":"","sticky":false,"template":"","format":"standard","meta":{"footnotes":""},"categories":[1888],"tags":[11,17864,7229,1777,674,1011,27,12,4347,626,25,44064],"class_list":{"0":"post-597883","1":"post","2":"type-post","3":"status-publish","4":"format-standard","5":"has-post-thumbnail","7":"category-paris","8":"tag-actualites","9":"tag-arc-de-triomphe","10":"tag-degradations","11":"tag-eu","12":"tag-europe","13":"tag-fr","14":"tag-france","15":"tag-news","16":"tag-oqtf","17":"tag-paris","18":"tag-republique-francaise","19":"tag-soldat-inconnu"},"share_on_mastodon":{"url":"https:\/\/pubeurope.com\/@fr\/115715687355475265","error":""},"_links":{"self":[{"href":"https:\/\/www.europesays.com\/fr\/wp-json\/wp\/v2\/posts\/597883","targetHints":{"allow":["GET"]}}],"collection":[{"href":"https:\/\/www.europesays.com\/fr\/wp-json\/wp\/v2\/posts"}],"about":[{"href":"https:\/\/www.europesays.com\/fr\/wp-json\/wp\/v2\/types\/post"}],"author":[{"embeddable":true,"href":"https:\/\/www.europesays.com\/fr\/wp-json\/wp\/v2\/users\/2"}],"replies":[{"embeddable":true,"href":"https:\/\/www.europesays.com\/fr\/wp-json\/wp\/v2\/comments?post=597883"}],"version-history":[{"count":0,"href":"https:\/\/www.europesays.com\/fr\/wp-json\/wp\/v2\/posts\/597883\/revisions"}],"wp:featuredmedia":[{"embeddable":true,"href":"https:\/\/www.europesays.com\/fr\/wp-json\/wp\/v2\/media\/597884"}],"wp:attachment":[{"href":"https:\/\/www.europesays.com\/fr\/wp-json\/wp\/v2\/media?parent=597883"}],"wp:term":[{"taxonomy":"category","embeddable":true,"href":"https:\/\/www.europesays.com\/fr\/wp-json\/wp\/v2\/categories?post=597883"},{"taxonomy":"post_tag","embeddable":true,"href":"https:\/\/www.europesays.com\/fr\/wp-json\/wp\/v2\/tags?post=597883"}],"curies":[{"name":"wp","href":"https:\/\/api.w.org\/{rel}","templated":true}]}}