{"id":597887,"date":"2025-12-14T03:02:30","date_gmt":"2025-12-14T03:02:30","guid":{"rendered":"https:\/\/www.europesays.com\/fr\/597887\/"},"modified":"2025-12-14T03:02:30","modified_gmt":"2025-12-14T03:02:30","slug":"merz-accuse-le-president-russe-de-vouloir-restaurer-lancienne-union-sovietique","status":"publish","type":"post","link":"https:\/\/www.europesays.com\/fr\/597887\/","title":{"rendered":"Merz accuse le pr\u00e9sident russe de vouloir \u00ab restaurer l&rsquo;ancienne Union sovi\u00e9tique \u00bb"},"content":{"rendered":"<p>AA \/ Berlin \/ Oliver Towfigh Nia<\/p>\n<p>Le chancelier allemand Friedrich Merz a accus\u00e9 le pr\u00e9sident russe Vladimir Poutine de vouloir \u00ab restaurer l&rsquo;ancienne Union sovi\u00e9tique \u00bb samedi.<\/p>\n<p>Poutine souhaite \u00ab modifier fondamentalement les fronti\u00e8res en Europe et restaurer l&rsquo;ancienne Union sovi\u00e9tique \u00e0 l&rsquo;int\u00e9rieur des fronti\u00e8res de l&rsquo;ancienne Union sovi\u00e9tique \u00bb, a d\u00e9clar\u00e9 Merz dans son discours prononc\u00e9 lors du congr\u00e8s du parti de l&rsquo;Union chr\u00e9tienne-sociale (CSU) \u00e0 Munich.<\/p>\n<p>Cela va de pair avec une menace militaire massive pour les pays qui \u00ab appartenaient autrefois \u00e0 cet empire \u00bb, a ajout\u00e9 Merz.<\/p>\n<p>Le chancelier n&rsquo;a pas abord\u00e9 directement dans son discours les n\u00e9gociations diplomatiques en cours visant \u00e0 mettre fin \u00e0 la guerre men\u00e9e par la Russie en Ukraine, mais il a appel\u00e9 \u00e0 une analyse minutieuse de la strat\u00e9gie du pr\u00e9sident russe Vladimir Poutine.<\/p>\n<p>\u00ab Si l&rsquo;Ukraine tombe, il ne s&rsquo;arr\u00eatera pas. Et ceux qui pensent encore qu&rsquo;il s&rsquo;en contentera devraient analyser attentivement ses strat\u00e9gies, ses documents, ses discours et ses apparitions publiques \u00bb, a-t-il ajout\u00e9.<\/p>\n<p>Merz a soulign\u00e9 qu&rsquo;il \u00e9tait important de continuer \u00e0 fournir une aide \u00e0 l&rsquo;Ukraine. Il a d\u00e9clar\u00e9 que d&rsquo;autres \u00e9l\u00e9ments cl\u00e9s comprenaient la coh\u00e9sion au sein de l&rsquo;Union europ\u00e9enne et les liens \u00e9troits avec le Royaume-Uni, \u00ab le maintien de l&rsquo;alliance de l&rsquo;OTAN aussi longtemps que possible \u00bb et des investissements massifs dans nos propres capacit\u00e9s de d\u00e9fense.<\/p>\n<p>Le dirigeant allemand accueillera le pr\u00e9sident ukrainien Volodymyr Zelensky et plusieurs dirigeants europ\u00e9ens \u00e0 Berlin la semaine prochaine pour discuter des derniers d\u00e9veloppements dans les n\u00e9gociations de paix, a annonc\u00e9 vendredi son bureau.<\/p>\n<p>Merz tiendra d&rsquo;abord des discussions bilat\u00e9rales avec Zelensky ce lundi sur le soutien \u00e9conomique \u00e0 l&rsquo;Ukraine et discutera des derni\u00e8res initiatives diplomatiques, a d\u00e9clar\u00e9 le porte-parole du gouvernement allemand Stefan Kornelius dans un communiqu\u00e9.<\/p>\n<p>\u00ab Dans la soir\u00e9e, de nombreux chefs d&rsquo;\u00c9tat et de gouvernement europ\u00e9ens, ainsi que des hauts repr\u00e9sentants de l&rsquo;UE et de l&rsquo;OTAN, se joindront aux discussions \u00bb, a d\u00e9clar\u00e9 Kornelius, sans donner plus de d\u00e9tails sur les participants ou l&rsquo;ordre du jour de la r\u00e9union.<\/p>\n<p>Merz a confirm\u00e9 jeudi que Kiev et ses alli\u00e9s europ\u00e9ens avaient \u00e9labor\u00e9 une nouvelle proposition de paix pour l&rsquo;Ukraine, abordant les questions territoriales.<\/p>\n<p>*Traduit de l\u2019anglais par Ayse Bashoruz <\/p>\n<p>                            &#13;<br \/>\n                                <a href=\"https:\/\/www.aa.com.tr\/fr\/p\/abonnement\/1001\" target=\"_blank\" style=\"font-size:12px; color:#444; text-decoration:none;\" rel=\"noopener\">&#13;<br \/>\n                                    Seulement une partie des d\u00e9p\u00eaches, que l&rsquo;Agence Anadolu diffuse \u00e0 ses abonn\u00e9s via le Syst\u00e8me de Diffusion interne (HAS), est diffus\u00e9e sur le site de l&rsquo;AA, de mani\u00e8re r\u00e9sum\u00e9e. <b style=\"color:#1897F7\">Contactez-nous s&rsquo;il vous pla\u00eet pour vous abonner.<\/b>&#13;<br \/>\n                                <\/a>&#13;<\/p>\n","protected":false},"excerpt":{"rendered":"AA \/ Berlin \/ Oliver Towfigh Nia Le chancelier allemand Friedrich Merz a accus\u00e9 le pr\u00e9sident russe Vladimir&hellip;\n","protected":false},"author":2,"featured_media":597888,"comment_status":"","ping_status":"","sticky":false,"template":"","format":"standard","meta":{"footnotes":""},"categories":[1591],"tags":[11,672,1785,1887,12,2405,1885,1886,132],"class_list":{"0":"post-597887","1":"post","2":"type-post","3":"status-publish","4":"format-standard","5":"has-post-thumbnail","7":"category-russie","8":"tag-actualites","9":"tag-allemagne","10":"tag-anadolu-ajansi","11":"tag-federation-de-russie","12":"tag-news","13":"tag-poutine","14":"tag-russia","15":"tag-russian-federation","16":"tag-russie"},"share_on_mastodon":{"url":"https:\/\/pubeurope.com\/@fr\/115715699314606064","error":""},"_links":{"self":[{"href":"https:\/\/www.europesays.com\/fr\/wp-json\/wp\/v2\/posts\/597887","targetHints":{"allow":["GET"]}}],"collection":[{"href":"https:\/\/www.europesays.com\/fr\/wp-json\/wp\/v2\/posts"}],"about":[{"href":"https:\/\/www.europesays.com\/fr\/wp-json\/wp\/v2\/types\/post"}],"author":[{"embeddable":true,"href":"https:\/\/www.europesays.com\/fr\/wp-json\/wp\/v2\/users\/2"}],"replies":[{"embeddable":true,"href":"https:\/\/www.europesays.com\/fr\/wp-json\/wp\/v2\/comments?post=597887"}],"version-history":[{"count":0,"href":"https:\/\/www.europesays.com\/fr\/wp-json\/wp\/v2\/posts\/597887\/revisions"}],"wp:featuredmedia":[{"embeddable":true,"href":"https:\/\/www.europesays.com\/fr\/wp-json\/wp\/v2\/media\/597888"}],"wp:attachment":[{"href":"https:\/\/www.europesays.com\/fr\/wp-json\/wp\/v2\/media?parent=597887"}],"wp:term":[{"taxonomy":"category","embeddable":true,"href":"https:\/\/www.europesays.com\/fr\/wp-json\/wp\/v2\/categories?post=597887"},{"taxonomy":"post_tag","embeddable":true,"href":"https:\/\/www.europesays.com\/fr\/wp-json\/wp\/v2\/tags?post=597887"}],"curies":[{"name":"wp","href":"https:\/\/api.w.org\/{rel}","templated":true}]}}